{"id":5171,"date":"2026-04-29T06:24:24","date_gmt":"2026-04-29T09:24:24","guid":{"rendered":"https:\/\/vagas.portalemprego.com.br\/?p=5171"},"modified":"2026-04-29T06:24:24","modified_gmt":"2026-04-29T09:24:24","slug":"tecnico-em-eletrica-industrial-senior-temporario-industrial-producao-fabrica-rio-de-janeiro","status":"publish","type":"post","link":"https:\/\/vagas.portalemprego.com.br\/?p=5171","title":{"rendered":"T\u00e9cnico em El\u00e9trica Industrial S\u00eanior &#8211; Tempor\u00e1rio &#8211; Industrial, Produ\u00e7\u00e3o, F\u00e1brica &#8211; Rio de Janeiro"},"content":{"rendered":"<p>O Grupo Seres em parceria com uma institui\u00e7\u00e3o no segmento farmac\u00eautico, seleciona profissional para atuar na fun\u00e7\u00e3o de T\u00e9cnico em Automa\u00e7\u00e3o Industrial S\u00eanior &#8211; Tempor\u00e1rio.<\/p>\n<p>Requisitos:<br \/>\nEnsino M\u00e9dio Completo;<br \/>\nEnsino T\u00e9cnico em El\u00e9trica, Automa\u00e7\u00e3o Industrial, Eletr\u00f4nica ou Eletrot\u00e9cnica;<br \/>\nHabilidades com pacote office;<br \/>\nExperi\u00eancia na fun\u00e7\u00e3o em ind\u00fastrias;<br \/>\nIngl\u00eas b\u00e1sico.<br \/>\nDesej\u00e1vel:<br \/>\nConhecimento em CLPs, eletropneum\u00e1tica, IHM e PLC;<br \/>\nExperi\u00eancia em ind\u00fastria farmac\u00eautica.<br \/>\nAtividades:<br \/>\nDesempenhar atividades na Se\u00e7\u00e3o de Manuten\u00e7\u00e3o El\u00e9trica e Eletr\u00f4nica, com grande polival\u00eancia funcional, autonomia e iniciativa, trabalhos de elevada complexidade e exig\u00eancia, relativos ao desenvolvimento, implementa\u00e7\u00e3o e manuten\u00e7\u00e3o preventiva e corretiva nos sistemas e componentes el\u00e9tricos e eletr\u00f4nicos de m\u00e1quinas, equipamentos fabris e flexografia, provenientes de fontes de energia renov\u00e1veis ou n\u00e3o-renov\u00e1veis, observando desenhos, esquemas e especifica\u00e7\u00f5es t\u00e9cnicas, efetuando os trabalhos conforme as prioridades e prazos estabelecidos, bem como realizando instala\u00e7\u00f5es de equipamentos, contribuindo nos aspectos que dizem respeito \u00e0 infraestrutura necess\u00e1ria para a realiza\u00e7\u00e3o dos trabalhos, com \u00eanfase em an\u00e1lise detalhada de falhas em sua causa raiz, atuando no Gap Analysis, objetivando a redu\u00e7\u00e3o do n\u00famero de paradas n\u00e3o programadas que afetem a produ\u00e7\u00e3o de medicamentos pela Institui\u00e7\u00e3o.<br \/>\nHor\u00e1rio de trabalho:<br \/>\n13h \u00e0s 22h<br \/>\nSegunda a Sexta<br \/>\nDisponibilidade para eventuais mudan\u00e7as de hor\u00e1rio e fins de semana.<br \/>\nLocal de trabalho:<br \/>\nJacarepagu\u00e1, RJ<br \/>\nSal\u00e1rio<br \/>\nR$6581,00<br \/>\nBenef\u00edcios<br \/>\nAssist\u00eancia m\u00e9dica<br \/>\nAssist\u00eancia odontol\u00f3gica<br \/>\nRestaurante interno<br \/>\nSeguro de vida<br \/>\nVale-transporte<\/p>\n<ul>\n<li>Local de trabalho: Rio de Janeiro, RJ<\/li>\n<li>Regime de contrata\u00e7\u00e3o de tipo: Efetivo \u2013 CLT<\/li>\n<li>Jornada: Per\u00edodo Integral<\/li>\n<li>\u00c1rea e especializa\u00e7\u00e3o profissional: Industrial, Produ\u00e7\u00e3o, F\u00e1brica &#8211; Instrumenta\u00e7\u00e3o Industrial<\/li>\n<li>N\u00edvel hier\u00e1rquico: Analista<\/li>\n<\/ul>\n<p>VALORIZADO<\/p>\n<p>Tempo de experi\u00eancia: Entre 5 e 10 anos<\/p>\n<p>Escolaridade M\u00ednima: Curso T\u00e9cnico<\/p>\n<p>Sal\u00e1rio: 6581,0<\/p>\n","protected":false},"excerpt":{"rendered":"<p>O Grupo Seres em parceria com uma institui\u00e7\u00e3o no segmento farmac\u00eautico, seleciona profissional para atuar na fun\u00e7\u00e3o de T\u00e9cnico em Automa\u00e7\u00e3o Industrial S\u00eanior &#8211; Tempor\u00e1rio. Requisitos: Ensino M\u00e9dio Completo; Ensino T\u00e9cnico em El\u00e9trica, Automa\u00e7\u00e3o Industrial, Eletr\u00f4nica ou Eletrot\u00e9cnica; Habilidades com pacote office; Experi\u00eancia na fun\u00e7\u00e3o em ind\u00fastrias; Ingl\u00eas b\u00e1sico. Desej\u00e1vel: Conhecimento em CLPs, eletropneum\u00e1tica, IHM [&hellip;]<\/p>\n","protected":false},"author":1,"featured_media":0,"comment_status":"open","ping_status":"open","sticky":false,"template":"","format":"standard","meta":{"footnotes":""},"categories":[21],"tags":[],"class_list":["post-5171","post","type-post","status-publish","format-standard","hentry","category-rio-de-janeiro-rj"],"_links":{"self":[{"href":"https:\/\/vagas.portalemprego.com.br\/index.php?rest_route=\/wp\/v2\/posts\/5171","targetHints":{"allow":["GET"]}}],"collection":[{"href":"https:\/\/vagas.portalemprego.com.br\/index.php?rest_route=\/wp\/v2\/posts"}],"about":[{"href":"https:\/\/vagas.portalemprego.com.br\/index.php?rest_route=\/wp\/v2\/types\/post"}],"author":[{"embeddable":true,"href":"https:\/\/vagas.portalemprego.com.br\/index.php?rest_route=\/wp\/v2\/users\/1"}],"replies":[{"embeddable":true,"href":"https:\/\/vagas.portalemprego.com.br\/index.php?rest_route=%2Fwp%2Fv2%2Fcomments&post=5171"}],"version-history":[{"count":0,"href":"https:\/\/vagas.portalemprego.com.br\/index.php?rest_route=\/wp\/v2\/posts\/5171\/revisions"}],"wp:attachment":[{"href":"https:\/\/vagas.portalemprego.com.br\/index.php?rest_route=%2Fwp%2Fv2%2Fmedia&parent=5171"}],"wp:term":[{"taxonomy":"category","embeddable":true,"href":"https:\/\/vagas.portalemprego.com.br\/index.php?rest_route=%2Fwp%2Fv2%2Fcategories&post=5171"},{"taxonomy":"post_tag","embeddable":true,"href":"https:\/\/vagas.portalemprego.com.br\/index.php?rest_route=%2Fwp%2Fv2%2Ftags&post=5171"}],"curies":[{"name":"wp","href":"https:\/\/api.w.org\/{rel}","templated":true}]}}