{"id":5172,"date":"2026-04-29T06:24:24","date_gmt":"2026-04-29T09:24:24","guid":{"rendered":"https:\/\/vagas.portalemprego.com.br\/?p=5172"},"modified":"2026-04-29T06:24:24","modified_gmt":"2026-04-29T09:24:24","slug":"conferente-de-logistica-logistica-rio-de-janeiro","status":"publish","type":"post","link":"https:\/\/vagas.portalemprego.com.br\/?p=5172","title":{"rendered":"Conferente de Log\u00edstica &#8211; Log\u00edstica &#8211; Rio de Janeiro"},"content":{"rendered":"<p>O GRUPO RIGARR est\u00e1 em busca de um profissional din\u00e2mico e organizado para o cargo de Conferente de Log\u00edstica.Este papel \u00e9 fundamental para garantir a efici\u00eancia e a precis\u00e3o nas opera\u00e7\u00f5es de log\u00edstica da empresa.O Conferente de Log\u00edstica ser\u00e1 respons\u00e1vel por verificar e registrar a entrada e sa\u00edda de mercadorias, garantindo que os processos sejam seguidos de acordo com as normas estabelecidas.<br \/>\nVoc\u00ea ser\u00e1 o respons\u00e1vel por conferir e registrar a quantidade e qualidade dos produtos, garantindo que as informa\u00e7\u00f5es estejam corretas e atualizadas. Sua fun\u00e7\u00e3o envolve a colabora\u00e7\u00e3o com equipes de transporte, armazenagem e demais departamentos para garantir que os produtos sejam movimentados de forma segura e eficiente. Al\u00e9m disso, voc\u00ea dever\u00e1 manter um ambiente de trabalho organizado e contribuir para a melhoria cont\u00ednua dos processos log\u00edsticos.<br \/>\nExperi\u00eancia em log\u00edstica ou \u00e1reas afins \u00e9 um diferencial, mas n\u00e3o \u00e9 obrigat\u00f3ria. O que \u00e9 essencial \u00e9 seu comprometimento com a precis\u00e3o e a efici\u00eancia. O candidato ideal deve ter boa vis\u00e3o de detalhes, ser comunicativo e ter uma mentalidade orientada para resultados.<br \/>\nJunte-se ao GRUPO RIGARR e fa\u00e7a parte de uma equipe que valoriza o trabalho em equipe e busca sempre inovar para alcan\u00e7ar os melhores resultados. Se voc\u00ea tem paix\u00e3o por log\u00edstica e busca um ambiente que valorize seu talento, esta \u00e9 a oportunidade perfeita para voc\u00ea. Venha contribuir para o sucesso da nossa empresa!<\/p>\n<ul>\n<li>Local de trabalho: Rio de Janeiro, RJ<\/li>\n<li>Regime de contrata\u00e7\u00e3o de tipo: Efetivo \u2013 CLT<\/li>\n<li>Jornada: Per\u00edodo Integral<\/li>\n<li>\u00c1rea e especializa\u00e7\u00e3o profissional: Log\u00edstica &#8211; Estoque, Armazenagem, Dep\u00f3sito<\/li>\n<li>N\u00edvel hier\u00e1rquico: Operacional<\/li>\n<\/ul>\n<p>VALORIZADO<\/p>\n<p>Tempo de experi\u00eancia: Entre 1 e 3 anos<\/p>\n<p>Escolaridade M\u00ednima: Ensino M\u00e9dio (2\u00ba Grau)<\/p>\n<p>Sal\u00e1rio: 2578,77<\/p>\n","protected":false},"excerpt":{"rendered":"<p>O GRUPO RIGARR est\u00e1 em busca de um profissional din\u00e2mico e organizado para o cargo de Conferente de Log\u00edstica.Este papel \u00e9 fundamental para garantir a efici\u00eancia e a precis\u00e3o nas opera\u00e7\u00f5es de log\u00edstica da empresa.O Conferente de Log\u00edstica ser\u00e1 respons\u00e1vel por verificar e registrar a entrada e sa\u00edda de mercadorias, garantindo que os processos sejam [&hellip;]<\/p>\n","protected":false},"author":1,"featured_media":0,"comment_status":"open","ping_status":"open","sticky":false,"template":"","format":"standard","meta":{"footnotes":""},"categories":[21],"tags":[],"class_list":["post-5172","post","type-post","status-publish","format-standard","hentry","category-rio-de-janeiro-rj"],"_links":{"self":[{"href":"https:\/\/vagas.portalemprego.com.br\/index.php?rest_route=\/wp\/v2\/posts\/5172","targetHints":{"allow":["GET"]}}],"collection":[{"href":"https:\/\/vagas.portalemprego.com.br\/index.php?rest_route=\/wp\/v2\/posts"}],"about":[{"href":"https:\/\/vagas.portalemprego.com.br\/index.php?rest_route=\/wp\/v2\/types\/post"}],"author":[{"embeddable":true,"href":"https:\/\/vagas.portalemprego.com.br\/index.php?rest_route=\/wp\/v2\/users\/1"}],"replies":[{"embeddable":true,"href":"https:\/\/vagas.portalemprego.com.br\/index.php?rest_route=%2Fwp%2Fv2%2Fcomments&post=5172"}],"version-history":[{"count":0,"href":"https:\/\/vagas.portalemprego.com.br\/index.php?rest_route=\/wp\/v2\/posts\/5172\/revisions"}],"wp:attachment":[{"href":"https:\/\/vagas.portalemprego.com.br\/index.php?rest_route=%2Fwp%2Fv2%2Fmedia&parent=5172"}],"wp:term":[{"taxonomy":"category","embeddable":true,"href":"https:\/\/vagas.portalemprego.com.br\/index.php?rest_route=%2Fwp%2Fv2%2Fcategories&post=5172"},{"taxonomy":"post_tag","embeddable":true,"href":"https:\/\/vagas.portalemprego.com.br\/index.php?rest_route=%2Fwp%2Fv2%2Ftags&post=5172"}],"curies":[{"name":"wp","href":"https:\/\/api.w.org\/{rel}","templated":true}]}}