{"id":5177,"date":"2026-04-29T06:24:24","date_gmt":"2026-04-29T09:24:24","guid":{"rendered":"https:\/\/vagas.portalemprego.com.br\/?p=5177"},"modified":"2026-04-29T06:24:24","modified_gmt":"2026-04-29T09:24:24","slug":"auxiliar-de-estoque-logistica-rio-de-janeiro-4","status":"publish","type":"post","link":"https:\/\/vagas.portalemprego.com.br\/?p=5177","title":{"rendered":"Auxiliar de Estoque &#8211; Log\u00edstica &#8211; Rio de Janeiro"},"content":{"rendered":"<p>Vem fazer parte do Gurum\u00ea!<br \/>\nSe voc\u00ea \u00e9 uma pessoa organizada, atenta aos detalhes e gosta de colaborar com diferentes \u00e1reas, essa oportunidade pode ser pra voc\u00ea! Estamos em busca de algu\u00e9m que queira somar com a nossa equipe e crescer junto com a gente ??<br \/>\nNo Gurum\u00ea, acreditamos na for\u00e7a do coletivo, no cuidado com cada detalhe e no prazer de oferecer experi\u00eancias incr\u00edveis. Se voc\u00ea se identifica com esse prop\u00f3sito, j\u00e1 estamos animados em te conhecer!<br \/>\n Suas principais responsabilidades ser\u00e3o:<br \/>\nReceber e conferir mercadorias com aten\u00e7\u00e3o e responsabilidade;<br \/>\nManter o estoque seco e refrigerado sempre limpo e organizado;<br \/>\nRealizar o controle de PVPS (Primeiro que Vence, Primeiro que Sai);<br \/>\nAtualizar planilhas de validade para garantir a seguran\u00e7a dos produtos;<br \/>\nApoiar as demandas relacionadas \u00e0 qualidade;<br \/>\nAuxiliar na elabora\u00e7\u00e3o dos pedidos de compra;<br \/>\nParticipar dos invent\u00e1rios f\u00edsicos;<br \/>\nFazer o lan\u00e7amento de notas fiscais no sistema;<br \/>\nAtuar em parceria com diferentes setores para garantir o bom funcionamento da opera\u00e7\u00e3o.<br \/>\n O que esperamos de voc\u00ea:<br \/>\nEnsino m\u00e9dio completo;<br \/>\nConhecimento b\u00e1sico em Pacote Office (especialmente Excel);<br \/>\nOrganiza\u00e7\u00e3o, responsabilidade e vontade de aprender;<br \/>\nDisponibilidade de hor\u00e1rio.<br \/>\nO que oferecemos:<br \/>\nEscala: 5&#215;2<br \/>\nSal\u00e1rio + Refei\u00e7\u00e3o no local + VT + Gympass + Aux\u00edlio Farm\u00e1cia (Omini) + Psicologia Viva + PLR (Participa\u00e7\u00e3o de Lucros) + Plane de Sa\u00fade Amil + Plano Odontol\u00f3gico Amil + Aux\u00edlio Creche + Seguro de Vida + Conv\u00eanio com Sesc + Conv\u00eanio com faculdades + Conv\u00eanio com cursos de idiomas + Trilha de carreira!<br \/>\nSe voc\u00ea \u00e9 um apaixonado pela culin\u00e1ria japonesa e se encaixa no perfil que estamos buscando, envie seu curr\u00edculo agora mesmo! Estamos ansiosos para conhec\u00ea-lo e ter voc\u00ea em nossa equipe.<\/p>\n<ul>\n<li>N\u00famero de vagas: 3<\/li>\n<li>Local de trabalho: Rio de Janeiro, RJ<\/li>\n<li>Regime de contrata\u00e7\u00e3o de tipo: Efetivo \u2013 CLT<\/li>\n<li>Jornada: Per\u00edodo Integral<\/li>\n<li>\u00c1rea e especializa\u00e7\u00e3o profissional: Log\u00edstica &#8211; Estoque, Armazenagem, Dep\u00f3sito<\/li>\n<li>N\u00edvel hier\u00e1rquico: Auxiliar<\/li>\n<\/ul>\n<p>VALORIZADO<\/p>\n<p>Tempo de experi\u00eancia: Entre 3 e 5 anos<\/p>\n<p>Escolaridade M\u00ednima: Ensino M\u00e9dio (2\u00ba Grau)<\/p>\n<p>Sal\u00e1rio: 2300,5<\/p>\n","protected":false},"excerpt":{"rendered":"<p>Vem fazer parte do Gurum\u00ea! Se voc\u00ea \u00e9 uma pessoa organizada, atenta aos detalhes e gosta de colaborar com diferentes \u00e1reas, essa oportunidade pode ser pra voc\u00ea! Estamos em busca de algu\u00e9m que queira somar com a nossa equipe e crescer junto com a gente ?? No Gurum\u00ea, acreditamos na for\u00e7a do coletivo, no cuidado [&hellip;]<\/p>\n","protected":false},"author":1,"featured_media":0,"comment_status":"open","ping_status":"open","sticky":false,"template":"","format":"standard","meta":{"footnotes":""},"categories":[21],"tags":[],"class_list":["post-5177","post","type-post","status-publish","format-standard","hentry","category-rio-de-janeiro-rj"],"_links":{"self":[{"href":"https:\/\/vagas.portalemprego.com.br\/index.php?rest_route=\/wp\/v2\/posts\/5177","targetHints":{"allow":["GET"]}}],"collection":[{"href":"https:\/\/vagas.portalemprego.com.br\/index.php?rest_route=\/wp\/v2\/posts"}],"about":[{"href":"https:\/\/vagas.portalemprego.com.br\/index.php?rest_route=\/wp\/v2\/types\/post"}],"author":[{"embeddable":true,"href":"https:\/\/vagas.portalemprego.com.br\/index.php?rest_route=\/wp\/v2\/users\/1"}],"replies":[{"embeddable":true,"href":"https:\/\/vagas.portalemprego.com.br\/index.php?rest_route=%2Fwp%2Fv2%2Fcomments&post=5177"}],"version-history":[{"count":0,"href":"https:\/\/vagas.portalemprego.com.br\/index.php?rest_route=\/wp\/v2\/posts\/5177\/revisions"}],"wp:attachment":[{"href":"https:\/\/vagas.portalemprego.com.br\/index.php?rest_route=%2Fwp%2Fv2%2Fmedia&parent=5177"}],"wp:term":[{"taxonomy":"category","embeddable":true,"href":"https:\/\/vagas.portalemprego.com.br\/index.php?rest_route=%2Fwp%2Fv2%2Fcategories&post=5177"},{"taxonomy":"post_tag","embeddable":true,"href":"https:\/\/vagas.portalemprego.com.br\/index.php?rest_route=%2Fwp%2Fv2%2Ftags&post=5177"}],"curies":[{"name":"wp","href":"https:\/\/api.w.org\/{rel}","templated":true}]}}