{"id":518,"date":"2026-04-29T06:33:33","date_gmt":"2026-04-29T09:33:33","guid":{"rendered":"https:\/\/vagas.portalemprego.com.br\/?p=518"},"modified":"2026-04-29T06:33:33","modified_gmt":"2026-04-29T09:33:33","slug":"auxiliar-de-producao-industrial-producao-fabrica-rio-de-janeiro","status":"publish","type":"post","link":"https:\/\/vagas.portalemprego.com.br\/?p=518","title":{"rendered":"Auxiliar de Produ\u00e7\u00e3o &#8211; Industrial, Produ\u00e7\u00e3o, F\u00e1brica &#8211; Rio de Janeiro"},"content":{"rendered":"<p>* Unidades dispon\u00edveis:<br \/>\nRua Azhaury Mascarenhas, 270<br \/>\n Estrada Rio S\u00e3o Paulo, 255 <\/p>\n<p>*O que voc\u00ea vai fazer?<br \/>\nVoc\u00ea pode atuar em diferentes \u00e1reas da produ\u00e7\u00e3o, como:<\/p>\n<p>*Prepara\u00e7\u00e3o e Abastecimento:<br \/>\n&#8211; Organizar e abastecer materiais para a linha de produ\u00e7\u00e3o.<br \/>\n&#8211; Auxiliar na montagem e embalagem de produtos.<br \/>\n&#8211; Garantir que tudo esteja etiquetado e paletizado corretamente.<br \/>\n&#8211; Manter o local de trabalho limpo e seguro.<\/p>\n<p>*Controle de Qualidade e Desmoldagem:<br \/>\n&#8211; Realizar a desmoldagem de bal\u00f5es, verificando sua qualidade.<br \/>\n&#8211; Preencher checklists de defeitos.<br \/>\n&#8211; Garantir a limpeza das m\u00e1quinas e organiza\u00e7\u00e3o do ambiente.<\/p>\n<p>*O que buscamos em voc\u00ea:<br \/>\n&#8211; Vontade de aprender e trabalhar em equipe.<br \/>\n&#8211; Aten\u00e7\u00e3o aos detalhes e comprometimento com a qualidade.<br \/>\n&#8211; Disponibilidade para trabalhar no turno da noite (12&#215;36).<\/p>\n<p>* O que oferecemos:<br \/>\n&#8211; Plano de sa\u00fade<br \/>\n&#8211; Plano odontol\u00f3gico<br \/>\n&#8211; Refei\u00e7\u00e3o no local<br \/>\n&#8211; Conv\u00eanio em farm\u00e1cia<br \/>\n&#8211; Conv\u00eanio com institui\u00e7\u00e3o de ensino<\/p>\n<p>* Venha fazer parte do nosso time!<br \/>\nSe voc\u00ea est\u00e1 buscando uma oportunidade est\u00e1vel, com bons benef\u00edcios , essa vaga \u00e9 pra voc\u00ea!<\/p>\n<ul>\n<li>N\u00famero de vagas: 5<\/li>\n<li>Local de trabalho: Rio de Janeiro, RJ<\/li>\n<li>Regime de contrata\u00e7\u00e3o de tipo: Efetivo \u2013 CLT<\/li>\n<li>Jornada: Per\u00edodo Integral<\/li>\n<li>\u00c1rea e especializa\u00e7\u00e3o profissional: Industrial, Produ\u00e7\u00e3o, F\u00e1brica &#8211; Produ\u00e7\u00e3o<\/li>\n<li>N\u00edvel hier\u00e1rquico: Auxiliar<\/li>\n<\/ul>\n<p>VALORIZADO<\/p>\n<p>Tempo de experi\u00eancia: Entre 1 e 3 anos<\/p>\n<p>Escolaridade M\u00ednima: Ensino M\u00e9dio (2\u00ba Grau)<\/p>\n<ul>\n<li>Plano odontol\u00f3gico<\/li>\n<li>Plano de sa\u00fade<\/li>\n<li>Cesta b\u00e1sica<\/li>\n<li>Refei\u00e7\u00e3o no local<\/li>\n<li>Conv\u00eanio Farm\u00e1cia<\/li>\n<li>Vale transporte<\/li>\n<li>Conv\u00eanio em institui\u00e7\u00e3o de ensino<\/li>\n<\/ul>\n<p>Sal\u00e1rio: 1635,0<\/p>\n","protected":false},"excerpt":{"rendered":"<p>* Unidades dispon\u00edveis: Rua Azhaury Mascarenhas, 270 Estrada Rio S\u00e3o Paulo, 255 *O que voc\u00ea vai fazer? Voc\u00ea pode atuar em diferentes \u00e1reas da produ\u00e7\u00e3o, como: *Prepara\u00e7\u00e3o e Abastecimento: &#8211; Organizar e abastecer materiais para a linha de produ\u00e7\u00e3o. &#8211; Auxiliar na montagem e embalagem de produtos. &#8211; Garantir que tudo esteja etiquetado e paletizado [&hellip;]<\/p>\n","protected":false},"author":1,"featured_media":0,"comment_status":"open","ping_status":"open","sticky":false,"template":"","format":"standard","meta":{"footnotes":""},"categories":[21],"tags":[],"class_list":["post-518","post","type-post","status-publish","format-standard","hentry","category-rio-de-janeiro-rj"],"_links":{"self":[{"href":"https:\/\/vagas.portalemprego.com.br\/index.php?rest_route=\/wp\/v2\/posts\/518","targetHints":{"allow":["GET"]}}],"collection":[{"href":"https:\/\/vagas.portalemprego.com.br\/index.php?rest_route=\/wp\/v2\/posts"}],"about":[{"href":"https:\/\/vagas.portalemprego.com.br\/index.php?rest_route=\/wp\/v2\/types\/post"}],"author":[{"embeddable":true,"href":"https:\/\/vagas.portalemprego.com.br\/index.php?rest_route=\/wp\/v2\/users\/1"}],"replies":[{"embeddable":true,"href":"https:\/\/vagas.portalemprego.com.br\/index.php?rest_route=%2Fwp%2Fv2%2Fcomments&post=518"}],"version-history":[{"count":0,"href":"https:\/\/vagas.portalemprego.com.br\/index.php?rest_route=\/wp\/v2\/posts\/518\/revisions"}],"wp:attachment":[{"href":"https:\/\/vagas.portalemprego.com.br\/index.php?rest_route=%2Fwp%2Fv2%2Fmedia&parent=518"}],"wp:term":[{"taxonomy":"category","embeddable":true,"href":"https:\/\/vagas.portalemprego.com.br\/index.php?rest_route=%2Fwp%2Fv2%2Fcategories&post=518"},{"taxonomy":"post_tag","embeddable":true,"href":"https:\/\/vagas.portalemprego.com.br\/index.php?rest_route=%2Fwp%2Fv2%2Ftags&post=518"}],"curies":[{"name":"wp","href":"https:\/\/api.w.org\/{rel}","templated":true}]}}