{"id":5180,"date":"2026-04-29T06:24:24","date_gmt":"2026-04-29T09:24:24","guid":{"rendered":"https:\/\/vagas.portalemprego.com.br\/?p=5180"},"modified":"2026-04-29T06:24:24","modified_gmt":"2026-04-29T09:24:24","slug":"assistente-tributario-juridica-rio-de-janeiro-2","status":"publish","type":"post","link":"https:\/\/vagas.portalemprego.com.br\/?p=5180","title":{"rendered":"Assistente Tribut\u00e1rio &#8211; Jur\u00eddica &#8211; Rio de Janeiro"},"content":{"rendered":"<p>O GRUPO RIGARR est\u00e1 em busca de um profissional dedicado e com habilidades anal\u00edticas para o cargo de Assistente Tribut\u00e1rio.Este papel \u00e9 fundamental para garantir a conformidade com as regulamenta\u00e7\u00f5es fiscais e a efici\u00eancia operacional do departamento tribut\u00e1rio.O candidato ideal dever\u00e1 demonstrar uma compreens\u00e3o s\u00f3lida das leis tribut\u00e1rias e uma capacidade de trabalhar com precis\u00e3o em um ambiente de ritmo acelerado.<br \/>\nO Assistente Tribut\u00e1rio \u00e9 respons\u00e1vel por auxiliar no controle e execu\u00e7\u00e3o das atividades relacionadas \u00e0 \u00e1rea tribut\u00e1ria da empresa. Realiza o lan\u00e7amento de notas fiscais, apura\u00e7\u00e3o de impostos, elabora\u00e7\u00e3o de declara\u00e7\u00f5es fiscais e atendimento a fiscaliza\u00e7\u00f5es. Trabalha em conjunto com a equipe tribut\u00e1ria para garantir o cumprimento das obriga\u00e7\u00f5es fiscais e o correto recolhimento de tributos.<\/p>\n<ul>\n<li>Local de trabalho: Rio de Janeiro, RJ<\/li>\n<li>Regime de contrata\u00e7\u00e3o de tipo: Efetivo \u2013 CLT<\/li>\n<li>Jornada: Per\u00edodo Integral<\/li>\n<li>\u00c1rea e especializa\u00e7\u00e3o profissional: Jur\u00eddica &#8211; Tribut\u00e1rio<\/li>\n<li>N\u00edvel hier\u00e1rquico: Assistente<\/li>\n<\/ul>\n<p>VALORIZADO<\/p>\n<p>Tempo de experi\u00eancia: Entre 1 e 3 anos<\/p>\n<p>HABILIDADES<\/p>\n<ul>\n<li>Microsoft Excel<\/li>\n<li>Boa comunica\u00e7\u00e3o<\/li>\n<li>Boa organiza\u00e7\u00e3o<\/li>\n<li>Centrado<\/li>\n<li>Senso de urg\u00eancia<\/li>\n<\/ul>\n<p>Escolaridade M\u00ednima: Ensino Superior<\/p>\n<p>Forma\u00e7\u00e3o desejada:<\/p>\n<ul>\n<li>Ci\u00eancias cont\u00e1beis, Ensino Superior<\/li>\n<\/ul>\n<p>Sal\u00e1rio: 2968,0<\/p>\n","protected":false},"excerpt":{"rendered":"<p>O GRUPO RIGARR est\u00e1 em busca de um profissional dedicado e com habilidades anal\u00edticas para o cargo de Assistente Tribut\u00e1rio.Este papel \u00e9 fundamental para garantir a conformidade com as regulamenta\u00e7\u00f5es fiscais e a efici\u00eancia operacional do departamento tribut\u00e1rio.O candidato ideal dever\u00e1 demonstrar uma compreens\u00e3o s\u00f3lida das leis tribut\u00e1rias e uma capacidade de trabalhar com precis\u00e3o [&hellip;]<\/p>\n","protected":false},"author":1,"featured_media":0,"comment_status":"open","ping_status":"open","sticky":false,"template":"","format":"standard","meta":{"footnotes":""},"categories":[21],"tags":[],"class_list":["post-5180","post","type-post","status-publish","format-standard","hentry","category-rio-de-janeiro-rj"],"_links":{"self":[{"href":"https:\/\/vagas.portalemprego.com.br\/index.php?rest_route=\/wp\/v2\/posts\/5180","targetHints":{"allow":["GET"]}}],"collection":[{"href":"https:\/\/vagas.portalemprego.com.br\/index.php?rest_route=\/wp\/v2\/posts"}],"about":[{"href":"https:\/\/vagas.portalemprego.com.br\/index.php?rest_route=\/wp\/v2\/types\/post"}],"author":[{"embeddable":true,"href":"https:\/\/vagas.portalemprego.com.br\/index.php?rest_route=\/wp\/v2\/users\/1"}],"replies":[{"embeddable":true,"href":"https:\/\/vagas.portalemprego.com.br\/index.php?rest_route=%2Fwp%2Fv2%2Fcomments&post=5180"}],"version-history":[{"count":0,"href":"https:\/\/vagas.portalemprego.com.br\/index.php?rest_route=\/wp\/v2\/posts\/5180\/revisions"}],"wp:attachment":[{"href":"https:\/\/vagas.portalemprego.com.br\/index.php?rest_route=%2Fwp%2Fv2%2Fmedia&parent=5180"}],"wp:term":[{"taxonomy":"category","embeddable":true,"href":"https:\/\/vagas.portalemprego.com.br\/index.php?rest_route=%2Fwp%2Fv2%2Fcategories&post=5180"},{"taxonomy":"post_tag","embeddable":true,"href":"https:\/\/vagas.portalemprego.com.br\/index.php?rest_route=%2Fwp%2Fv2%2Ftags&post=5180"}],"curies":[{"name":"wp","href":"https:\/\/api.w.org\/{rel}","templated":true}]}}