{"id":5181,"date":"2026-04-29T06:25:25","date_gmt":"2026-04-29T09:25:25","guid":{"rendered":"https:\/\/vagas.portalemprego.com.br\/?p=5181"},"modified":"2026-04-29T06:25:25","modified_gmt":"2026-04-29T09:25:25","slug":"ajudante-geral-meio-ambiente-ecologia-rio-de-janeiro","status":"publish","type":"post","link":"https:\/\/vagas.portalemprego.com.br\/?p=5181","title":{"rendered":"Ajudante Geral &#8211; Meio Ambiente, Ecologia &#8211; Rio de Janeiro"},"content":{"rendered":"<p>O\u00a0Grupo\u00a0SERES,\u00a0em\u00a0parceria\u00a0com\u00a0empresa\u00a0do\u00a0segmento\u00a0de\u00a0saneamento,\u00a0seleciona\u00a0profissional\u00a0para\u00a0atuar\u00a0na\u00a0fun\u00e7\u00e3o\u00a0de\u00a0Ajudante\u00a0Geral.<br \/>\nRequisitos:<br \/>\nEnsino\u00a0fundamental\u00a0completo;<br \/>\nViv\u00eancia\u00a0na\u00a0\u00e1rea\u00a0de\u00a0constru\u00e7\u00e3o\u00a0civil;<br \/>\nIndispens\u00e1vel disponibilidade para atuar externamente.<\/p>\n<p>Atividades:<br \/>\nAjudar na execu\u00e7\u00e3o de atividades gerais de opera\u00e7\u00e3o, manuten\u00e7\u00e3o, entre outros, tais como transportar equipamentos, ferramentas, realizar escava\u00e7\u00f5es, arruma\u00e7\u00e3o, reparos de cal\u00e7amentos, limpeza e organiza\u00e7\u00e3o do trabalho entre outros, seguindo estritamente as instru\u00e7\u00f5es superiores e normas de higiene e seguran\u00e7a do trabalho, qualidade e prote\u00e7\u00e3o ao meio ambiente, visando promover a instala\u00e7\u00e3o, opera\u00e7\u00e3o, vistoria e manuten\u00e7\u00e3o nas redes de \u00e1gua e esgoto;<br \/>\nJornada de Trabalho:<br \/>\nEscalada 12x12x60 (trabalha dois dias e folga dois dias) &#8211; 07h \u00e0s 19h.<br \/>\nLocal:<br \/>\nCampo Grande\/RJ.<\/p>\n<ul>\n<li>Local de trabalho: Rio de Janeiro, RJ<\/li>\n<li>Regime de contrata\u00e7\u00e3o de tipo: Efetivo \u2013 CLT<\/li>\n<li>Jornada: Per\u00edodo Integral<\/li>\n<li>\u00c1rea e especializa\u00e7\u00e3o profissional: Meio Ambiente, Ecologia &#8211; Saneamento Ambiental<\/li>\n<li>N\u00edvel hier\u00e1rquico: Operacional<\/li>\n<\/ul>\n<p>Escolaridade M\u00ednima: Ensino Fundamental (1\u00ba grau)<\/p>\n<ul>\n<li>Participa\u00e7\u00e3o nos lucros<\/li>\n<li>Assist\u00eancia odontol\u00f3gica<\/li>\n<li>Cesta b\u00e1sica<\/li>\n<li>Vale-transporte<\/li>\n<li>Vale-alimenta\u00e7\u00e3o<\/li>\n<li>Assist\u00eancia m\u00e9dica<\/li>\n<\/ul>\n","protected":false},"excerpt":{"rendered":"<p>O\u00a0Grupo\u00a0SERES,\u00a0em\u00a0parceria\u00a0com\u00a0empresa\u00a0do\u00a0segmento\u00a0de\u00a0saneamento,\u00a0seleciona\u00a0profissional\u00a0para\u00a0atuar\u00a0na\u00a0fun\u00e7\u00e3o\u00a0de\u00a0Ajudante\u00a0Geral. Requisitos: Ensino\u00a0fundamental\u00a0completo; Viv\u00eancia\u00a0na\u00a0\u00e1rea\u00a0de\u00a0constru\u00e7\u00e3o\u00a0civil; Indispens\u00e1vel disponibilidade para atuar externamente. Atividades: Ajudar na execu\u00e7\u00e3o de atividades gerais de opera\u00e7\u00e3o, manuten\u00e7\u00e3o, entre outros, tais como transportar equipamentos, ferramentas, realizar escava\u00e7\u00f5es, arruma\u00e7\u00e3o, reparos de cal\u00e7amentos, limpeza e organiza\u00e7\u00e3o do trabalho entre outros, seguindo estritamente as instru\u00e7\u00f5es superiores e normas de higiene e seguran\u00e7a do trabalho, qualidade e prote\u00e7\u00e3o [&hellip;]<\/p>\n","protected":false},"author":1,"featured_media":0,"comment_status":"open","ping_status":"open","sticky":false,"template":"","format":"standard","meta":{"footnotes":""},"categories":[21],"tags":[],"class_list":["post-5181","post","type-post","status-publish","format-standard","hentry","category-rio-de-janeiro-rj"],"_links":{"self":[{"href":"https:\/\/vagas.portalemprego.com.br\/index.php?rest_route=\/wp\/v2\/posts\/5181","targetHints":{"allow":["GET"]}}],"collection":[{"href":"https:\/\/vagas.portalemprego.com.br\/index.php?rest_route=\/wp\/v2\/posts"}],"about":[{"href":"https:\/\/vagas.portalemprego.com.br\/index.php?rest_route=\/wp\/v2\/types\/post"}],"author":[{"embeddable":true,"href":"https:\/\/vagas.portalemprego.com.br\/index.php?rest_route=\/wp\/v2\/users\/1"}],"replies":[{"embeddable":true,"href":"https:\/\/vagas.portalemprego.com.br\/index.php?rest_route=%2Fwp%2Fv2%2Fcomments&post=5181"}],"version-history":[{"count":0,"href":"https:\/\/vagas.portalemprego.com.br\/index.php?rest_route=\/wp\/v2\/posts\/5181\/revisions"}],"wp:attachment":[{"href":"https:\/\/vagas.portalemprego.com.br\/index.php?rest_route=%2Fwp%2Fv2%2Fmedia&parent=5181"}],"wp:term":[{"taxonomy":"category","embeddable":true,"href":"https:\/\/vagas.portalemprego.com.br\/index.php?rest_route=%2Fwp%2Fv2%2Fcategories&post=5181"},{"taxonomy":"post_tag","embeddable":true,"href":"https:\/\/vagas.portalemprego.com.br\/index.php?rest_route=%2Fwp%2Fv2%2Ftags&post=5181"}],"curies":[{"name":"wp","href":"https:\/\/api.w.org\/{rel}","templated":true}]}}