{"id":5183,"date":"2026-04-29T06:25:25","date_gmt":"2026-04-29T09:25:25","guid":{"rendered":"https:\/\/vagas.portalemprego.com.br\/?p=5183"},"modified":"2026-04-29T06:25:25","modified_gmt":"2026-04-29T09:25:25","slug":"intermitente-norte-shopping-rj-comercial-vendas-rio-de-janeiro","status":"publish","type":"post","link":"https:\/\/vagas.portalemprego.com.br\/?p=5183","title":{"rendered":"Intermitente &#8211; Norte Shopping\/RJ &#8211; Comercial, Vendas &#8211; Rio de Janeiro"},"content":{"rendered":"<p>Sobre a vaga:<br \/>\nTrabalhamos para voc\u00ea ser mais voc\u00ea em todos os momentos, come\u00e7ando pela sua carreira. Se voc\u00ea se identifica conosco e procura uma empresa, acima de tudo, apaixonada por pessoas, #VemPraC&amp;A! ??<\/p>\n<p>VAGA CLT (CARTEIRA ASSINADA) NA MODALIDADE INTERMITENTE. LEIA ATENTAMENTE TODAS AS INFORMA\u00c7\u00d5ES ANUNCIADAS ANTES DE SE CANDIDATAR.<\/p>\n<p>Principais atribui\u00e7\u00f5es:<br \/>\n&#8211; Atender de maneira atenciosa e cordial, garantindo os passos de atendimento, buscando solu\u00e7\u00f5es efetivas para as necessidades de nossos clientes, e realizando a venda de nossos produtos e servi\u00e7os financeiros (Cart\u00e3o C&amp;A Pay, Seguros, Parcelamentos, etc.);<br \/>\n&#8211; Realizar a opera\u00e7\u00e3o de caixa;<br \/>\n&#8211; Acompanhar as tarefas e metas di\u00e1rias;<br \/>\n&#8211; Apoiar nas rotinas operacionais da loja (abastecimento, reposi\u00e7\u00f5es, remarca\u00e7\u00f5es e organiza\u00e7\u00e3o de pe\u00e7as). <\/p>\n<p>Requisitos obrigat\u00f3rios:<br \/>\n&#8211; Ensino M\u00e9dio completo;<br \/>\n&#8211; Disponibilidade para trabalhar aos fins de semana, com possiblidade de convoca\u00e7\u00f5es em dias \u00fateis, em hor\u00e1rio de fechamento de loja (de 14:30 a 23:00);<br \/>\n&#8211; Comunicar-se de forma clara, eficiente e respeitosa.<\/p>\n<ul>\n<li>N\u00famero de vagas: 3<\/li>\n<li>Local de trabalho: Rio de Janeiro, RJ<\/li>\n<li>Regime de contrata\u00e7\u00e3o de tipo: Outros<\/li>\n<li>Jornada: Per\u00edodo Integral<\/li>\n<li>\u00c1rea e especializa\u00e7\u00e3o profissional: Comercial, Vendas &#8211; Lojas \/ Shopping<\/li>\n<li>N\u00edvel hier\u00e1rquico: Operacional<\/li>\n<\/ul>\n<p>Escolaridade M\u00ednima: Ensino M\u00e9dio (2\u00ba Grau)<\/p>\n<p>Forma\u00e7\u00e3o desejada:<\/p>\n<ul>\n<li>Ensino M\u00e9dio (2\u00ba Grau)<\/li>\n<\/ul>\n<ul>\n<li>Restaurante interno ou vale-refei\u00e7\u00e3o<\/li>\n<li>Vale transporte<\/li>\n<li>Plano de carreira<\/li>\n<li>Desconto de 20% nos produtos C&amp;A<\/li>\n<li>Possibilidade de efetiva\u00e7\u00e3o<\/li>\n<\/ul>\n","protected":false},"excerpt":{"rendered":"<p>Sobre a vaga: Trabalhamos para voc\u00ea ser mais voc\u00ea em todos os momentos, come\u00e7ando pela sua carreira. Se voc\u00ea se identifica conosco e procura uma empresa, acima de tudo, apaixonada por pessoas, #VemPraC&amp;A! ?? VAGA CLT (CARTEIRA ASSINADA) NA MODALIDADE INTERMITENTE. LEIA ATENTAMENTE TODAS AS INFORMA\u00c7\u00d5ES ANUNCIADAS ANTES DE SE CANDIDATAR. Principais atribui\u00e7\u00f5es: &#8211; Atender [&hellip;]<\/p>\n","protected":false},"author":1,"featured_media":0,"comment_status":"open","ping_status":"open","sticky":false,"template":"","format":"standard","meta":{"footnotes":""},"categories":[21],"tags":[],"class_list":["post-5183","post","type-post","status-publish","format-standard","hentry","category-rio-de-janeiro-rj"],"_links":{"self":[{"href":"https:\/\/vagas.portalemprego.com.br\/index.php?rest_route=\/wp\/v2\/posts\/5183","targetHints":{"allow":["GET"]}}],"collection":[{"href":"https:\/\/vagas.portalemprego.com.br\/index.php?rest_route=\/wp\/v2\/posts"}],"about":[{"href":"https:\/\/vagas.portalemprego.com.br\/index.php?rest_route=\/wp\/v2\/types\/post"}],"author":[{"embeddable":true,"href":"https:\/\/vagas.portalemprego.com.br\/index.php?rest_route=\/wp\/v2\/users\/1"}],"replies":[{"embeddable":true,"href":"https:\/\/vagas.portalemprego.com.br\/index.php?rest_route=%2Fwp%2Fv2%2Fcomments&post=5183"}],"version-history":[{"count":0,"href":"https:\/\/vagas.portalemprego.com.br\/index.php?rest_route=\/wp\/v2\/posts\/5183\/revisions"}],"wp:attachment":[{"href":"https:\/\/vagas.portalemprego.com.br\/index.php?rest_route=%2Fwp%2Fv2%2Fmedia&parent=5183"}],"wp:term":[{"taxonomy":"category","embeddable":true,"href":"https:\/\/vagas.portalemprego.com.br\/index.php?rest_route=%2Fwp%2Fv2%2Fcategories&post=5183"},{"taxonomy":"post_tag","embeddable":true,"href":"https:\/\/vagas.portalemprego.com.br\/index.php?rest_route=%2Fwp%2Fv2%2Ftags&post=5183"}],"curies":[{"name":"wp","href":"https:\/\/api.w.org\/{rel}","templated":true}]}}