{"id":5184,"date":"2026-04-29T06:25:25","date_gmt":"2026-04-29T09:25:25","guid":{"rendered":"https:\/\/vagas.portalemprego.com.br\/?p=5184"},"modified":"2026-04-29T06:25:25","modified_gmt":"2026-04-29T09:25:25","slug":"conferente-de-logistica-logistica-cachoeiras-de-macacu","status":"publish","type":"post","link":"https:\/\/vagas.portalemprego.com.br\/?p=5184","title":{"rendered":"Conferente de Log\u00edstica &#8211; Log\u00edstica &#8211; Cachoeiras de Macacu"},"content":{"rendered":"<p>Conferente<\/p>\n<p>Responsabilidades:<br \/>\nRespons\u00e1vel pela movimenta\u00e7\u00e3o de produto final e ativo de giro (recebimento, confer\u00eancia, carregamento e descarregamento), organiza\u00e7\u00e3o e limpeza do armaz\u00e9m, contagem, gest\u00e3o, verifica\u00e7\u00e3o e invent\u00e1rio do estoque.<br \/>\nImportante: As condi\u00e7\u00f5es do contrato \u00e9 tempor\u00e1rio mais com reais chances de efetiva\u00e7\u00e3o. Buscamos pessoas comprometidas e que se identifiquem com o ramo de atua\u00e7\u00e3o e a pol\u00edtica da empresa.<\/p>\n<p>Forma\u00e7\u00e3o e experi\u00eancias desej\u00e1veis:<br \/>\nEscolaridade m\u00ednima requerida: Ensino m\u00e9dio completo.<br \/>\nEnsino superior completo ou em andamento (ser\u00e1 um diferencial).<br \/>\nExperi\u00eancia na \u00e1rea como conferente (de prefer\u00eancia na fun\u00e7\u00e3o)<br \/>\nPossuir disponibilidade total de hor\u00e1rio<br \/>\nResidir pr\u00f3ximo ou ter f\u00e1cil acesso a Cachoeiras de Macacu &#8211; RJ<br \/>\nExcel n\u00edvel Intermedi\u00e1rio (ser\u00e1 testado)<br \/>\nExperi\u00eancia com sistema WMS (ser\u00e1 um diferencial)<br \/>\nForma de Trabalho: Presencial<\/p>\n<ul>\n<li>Local de trabalho: Cachoeiras de Macacu, RJ<\/li>\n<li>Regime de contrata\u00e7\u00e3o de tipo: Outros<\/li>\n<li>Jornada: Per\u00edodo Integral<\/li>\n<li>\u00c1rea e especializa\u00e7\u00e3o profissional: Log\u00edstica &#8211; Estoque, Armazenagem, Dep\u00f3sito<\/li>\n<li>N\u00edvel hier\u00e1rquico: Operacional<\/li>\n<\/ul>\n<p>VALORIZADO<\/p>\n<p>Tempo de experi\u00eancia: Entre 1 e 3 anos<\/p>\n<p>HABILIDADES<\/p>\n<ul>\n<li>Sistema WMS<\/li>\n<li>Excel Intermedi\u00e1rio<\/li>\n<\/ul>\n<p>Escolaridade M\u00ednima: Ensino M\u00e9dio (2\u00ba Grau)<\/p>\n<p>Habilita\u00e7\u00e3o para dirigir: B<\/p>\n<ul>\n<li>Cesta b\u00e1sica<\/li>\n<li>Plano de sa\u00fade<\/li>\n<li>Conv\u00eanio com faculdade<\/li>\n<li>Refei\u00e7\u00e3o no local<\/li>\n<li>Sesc<\/li>\n<\/ul>\n","protected":false},"excerpt":{"rendered":"<p>Conferente Responsabilidades: Respons\u00e1vel pela movimenta\u00e7\u00e3o de produto final e ativo de giro (recebimento, confer\u00eancia, carregamento e descarregamento), organiza\u00e7\u00e3o e limpeza do armaz\u00e9m, contagem, gest\u00e3o, verifica\u00e7\u00e3o e invent\u00e1rio do estoque. Importante: As condi\u00e7\u00f5es do contrato \u00e9 tempor\u00e1rio mais com reais chances de efetiva\u00e7\u00e3o. Buscamos pessoas comprometidas e que se identifiquem com o ramo de atua\u00e7\u00e3o e [&hellip;]<\/p>\n","protected":false},"author":1,"featured_media":0,"comment_status":"open","ping_status":"open","sticky":false,"template":"","format":"standard","meta":{"footnotes":""},"categories":[21],"tags":[],"class_list":["post-5184","post","type-post","status-publish","format-standard","hentry","category-rio-de-janeiro-rj"],"_links":{"self":[{"href":"https:\/\/vagas.portalemprego.com.br\/index.php?rest_route=\/wp\/v2\/posts\/5184","targetHints":{"allow":["GET"]}}],"collection":[{"href":"https:\/\/vagas.portalemprego.com.br\/index.php?rest_route=\/wp\/v2\/posts"}],"about":[{"href":"https:\/\/vagas.portalemprego.com.br\/index.php?rest_route=\/wp\/v2\/types\/post"}],"author":[{"embeddable":true,"href":"https:\/\/vagas.portalemprego.com.br\/index.php?rest_route=\/wp\/v2\/users\/1"}],"replies":[{"embeddable":true,"href":"https:\/\/vagas.portalemprego.com.br\/index.php?rest_route=%2Fwp%2Fv2%2Fcomments&post=5184"}],"version-history":[{"count":0,"href":"https:\/\/vagas.portalemprego.com.br\/index.php?rest_route=\/wp\/v2\/posts\/5184\/revisions"}],"wp:attachment":[{"href":"https:\/\/vagas.portalemprego.com.br\/index.php?rest_route=%2Fwp%2Fv2%2Fmedia&parent=5184"}],"wp:term":[{"taxonomy":"category","embeddable":true,"href":"https:\/\/vagas.portalemprego.com.br\/index.php?rest_route=%2Fwp%2Fv2%2Fcategories&post=5184"},{"taxonomy":"post_tag","embeddable":true,"href":"https:\/\/vagas.portalemprego.com.br\/index.php?rest_route=%2Fwp%2Fv2%2Ftags&post=5184"}],"curies":[{"name":"wp","href":"https:\/\/api.w.org\/{rel}","templated":true}]}}