{"id":5187,"date":"2026-04-29T06:25:25","date_gmt":"2026-04-29T09:25:25","guid":{"rendered":"https:\/\/vagas.portalemprego.com.br\/?p=5187"},"modified":"2026-04-29T06:25:25","modified_gmt":"2026-04-29T09:25:25","slug":"estagiario-de-incorporacao-arquitetura-decoracao-design-rio-de-janeiro","status":"publish","type":"post","link":"https:\/\/vagas.portalemprego.com.br\/?p=5187","title":{"rendered":"Estagi\u00e1rio de  Incorpora\u00e7\u00e3o &#8211; Arquitetura, Decora\u00e7\u00e3o, Design &#8211; Rio de Janeiro"},"content":{"rendered":"<p>Se voc\u00ea busca uma oportunidade de est\u00e1gio na \u00e1rea de Arquitetura\/Engenharia para integrar na equipe de Legaliza\u00e7\u00e3o e Incorpora\u00e7\u00e3o Imobili\u00e1ria, no GRUPO CTV voc\u00ea participar\u00e1 de projetos inovadores e processo de regulariza\u00e7\u00e3o de empreendimentos com o apoio de um time que valoriza o aprendizado e o crescimento profissional.<br \/>\nRequisitos:<br \/>\nCursando Arquitetura ou Engenharia Civil (a partir do 5per\u00edodo);<br \/>\n?Interesse em processos de legaliza\u00e7\u00e3o;<br \/>\nSer\u00e1 um diferencial a experi\u00eancia ou est\u00e1gio nas \u00e1reas de legaliza\u00e7\u00e3o e incorpora\u00e7\u00e3o imobili\u00e1ria. <\/p>\n<p>Compet\u00eancias comportamentais:<br \/>\nBoa comunica\u00e7\u00e3o e postura profissional<br \/>\nOrganiza\u00e7\u00e3o e gest\u00e3o de prazos<br \/>\nProatividade e resolu\u00e7\u00e3o de problemas<br \/>\nAn\u00e1lise Cr\u00edtica e Capacidade de lidar com m\u00faltiplas demandas.<\/p>\n<p>Principais Responsabilidades:<br \/>\nApoiar na legaliza\u00e7\u00e3o de projetos junto aos \u00f3rg\u00e3os p\u00fablicos;<br \/>\n?Auxiliar no acompanhamento de processos de aprova\u00e7\u00e3o de projetos arquitet\u00f4nicos, ambientais e de engenharia;<br \/>\n?Prestar suporte nas atividades de incorpora\u00e7\u00e3o imobili\u00e1ria, elabora\u00e7\u00e3o de documenta\u00e7\u00f5es e an\u00e1lises t\u00e9cnicas;<br \/>\n?Colaborar no desenvolvimento de relat\u00f3rios e planilhas de controle de processos.<\/p>\n<ul>\n<li>Local de trabalho: Rio de Janeiro, RJ<\/li>\n<li>Regime de contrata\u00e7\u00e3o de tipo: Est\u00e1gio<\/li>\n<li>Jornada: Per\u00edodo Integral<\/li>\n<li>\u00c1rea e especializa\u00e7\u00e3o profissional: Arquitetura, Decora\u00e7\u00e3o, Design &#8211; Arquitetura, Urbanismo<\/li>\n<li>N\u00edvel hier\u00e1rquico: Estagi\u00e1rio<\/li>\n<\/ul>\n<p>VALORIZADO<\/p>\n<p>Tempo de experi\u00eancia: S\u00f3 est\u00e1gios<\/p>\n<p>Escolaridade M\u00ednima: Ensino Superior<\/p>\n<p>Sal\u00e1rio: 1200,0<\/p>\n","protected":false},"excerpt":{"rendered":"<p>Se voc\u00ea busca uma oportunidade de est\u00e1gio na \u00e1rea de Arquitetura\/Engenharia para integrar na equipe de Legaliza\u00e7\u00e3o e Incorpora\u00e7\u00e3o Imobili\u00e1ria, no GRUPO CTV voc\u00ea participar\u00e1 de projetos inovadores e processo de regulariza\u00e7\u00e3o de empreendimentos com o apoio de um time que valoriza o aprendizado e o crescimento profissional. Requisitos: Cursando Arquitetura ou Engenharia Civil (a [&hellip;]<\/p>\n","protected":false},"author":1,"featured_media":0,"comment_status":"open","ping_status":"open","sticky":false,"template":"","format":"standard","meta":{"footnotes":""},"categories":[21],"tags":[],"class_list":["post-5187","post","type-post","status-publish","format-standard","hentry","category-rio-de-janeiro-rj"],"_links":{"self":[{"href":"https:\/\/vagas.portalemprego.com.br\/index.php?rest_route=\/wp\/v2\/posts\/5187","targetHints":{"allow":["GET"]}}],"collection":[{"href":"https:\/\/vagas.portalemprego.com.br\/index.php?rest_route=\/wp\/v2\/posts"}],"about":[{"href":"https:\/\/vagas.portalemprego.com.br\/index.php?rest_route=\/wp\/v2\/types\/post"}],"author":[{"embeddable":true,"href":"https:\/\/vagas.portalemprego.com.br\/index.php?rest_route=\/wp\/v2\/users\/1"}],"replies":[{"embeddable":true,"href":"https:\/\/vagas.portalemprego.com.br\/index.php?rest_route=%2Fwp%2Fv2%2Fcomments&post=5187"}],"version-history":[{"count":0,"href":"https:\/\/vagas.portalemprego.com.br\/index.php?rest_route=\/wp\/v2\/posts\/5187\/revisions"}],"wp:attachment":[{"href":"https:\/\/vagas.portalemprego.com.br\/index.php?rest_route=%2Fwp%2Fv2%2Fmedia&parent=5187"}],"wp:term":[{"taxonomy":"category","embeddable":true,"href":"https:\/\/vagas.portalemprego.com.br\/index.php?rest_route=%2Fwp%2Fv2%2Fcategories&post=5187"},{"taxonomy":"post_tag","embeddable":true,"href":"https:\/\/vagas.portalemprego.com.br\/index.php?rest_route=%2Fwp%2Fv2%2Ftags&post=5187"}],"curies":[{"name":"wp","href":"https:\/\/api.w.org\/{rel}","templated":true}]}}