{"id":5190,"date":"2026-04-29T06:25:25","date_gmt":"2026-04-29T09:25:25","guid":{"rendered":"https:\/\/vagas.portalemprego.com.br\/?p=5190"},"modified":"2026-04-29T06:25:25","modified_gmt":"2026-04-29T09:25:25","slug":"estagio-de-tecnico-em-edificacoes-arquitetura-decoracao-design-rio-de-janeiro","status":"publish","type":"post","link":"https:\/\/vagas.portalemprego.com.br\/?p=5190","title":{"rendered":"Est\u00e1gio de T\u00e9cnico em Edifica\u00e7\u00f5es &#8211; Arquitetura, Decora\u00e7\u00e3o, Design &#8211; Rio de Janeiro"},"content":{"rendered":"<p>Buscamos T\u00e9cnico em Edifica\u00e7\u00f5es para atuar em nosso cliente:<br \/>\nRequisitos:<br \/>\nCurso T\u00e9cnico em Edifica\u00e7\u00f5es cursando (com dispon\u00edbilidade m\u00ednima de 1 ano para est\u00e1gio)<br \/>\nF\u00e1cil acesso a Zona Oeste,<br \/>\nConhecimento avan\u00e7ado em Pacote Office,<br \/>\nConhecimento em leitura e interpreta\u00e7\u00e3o de desenhos t\u00e9cnicos,<br \/>\nDisponibilidade de estagiar por 6h\/dia<\/p>\n<ul>\n<li>N\u00famero de vagas: 2<\/li>\n<li>Local de trabalho: Rio de Janeiro, RJ<\/li>\n<li>Regime de contrata\u00e7\u00e3o de tipo: Est\u00e1gio<\/li>\n<li>Jornada: Parcial manh\u00e3s<\/li>\n<li>\u00c1rea e especializa\u00e7\u00e3o profissional: Arquitetura, Decora\u00e7\u00e3o, Design &#8211; Desenho Industrial<\/li>\n<li>N\u00edvel hier\u00e1rquico: Estagi\u00e1rio<\/li>\n<\/ul>\n<p>VALORIZADO<\/p>\n<p>Tempo de experi\u00eancia: Sem experi\u00eancia<\/p>\n<p>Escolaridade M\u00ednima: Curso T\u00e9cnico<\/p>\n<ul>\n<li>Assist\u00eancia m\u00e9dica<\/li>\n<li>Assist\u00eancia odontol\u00f3gica<\/li>\n<li>Refei\u00e7\u00e3o no local<\/li>\n<li>Plano de Desenvolvimento<\/li>\n<li>Vale Transporte<\/li>\n<\/ul>\n<p>Sal\u00e1rio: 1200,0<\/p>\n","protected":false},"excerpt":{"rendered":"<p>Buscamos T\u00e9cnico em Edifica\u00e7\u00f5es para atuar em nosso cliente: Requisitos: Curso T\u00e9cnico em Edifica\u00e7\u00f5es cursando (com dispon\u00edbilidade m\u00ednima de 1 ano para est\u00e1gio) F\u00e1cil acesso a Zona Oeste, Conhecimento avan\u00e7ado em Pacote Office, Conhecimento em leitura e interpreta\u00e7\u00e3o de desenhos t\u00e9cnicos, Disponibilidade de estagiar por 6h\/dia N\u00famero de vagas: 2 Local de trabalho: Rio de [&hellip;]<\/p>\n","protected":false},"author":1,"featured_media":0,"comment_status":"open","ping_status":"open","sticky":false,"template":"","format":"standard","meta":{"footnotes":""},"categories":[21],"tags":[],"class_list":["post-5190","post","type-post","status-publish","format-standard","hentry","category-rio-de-janeiro-rj"],"_links":{"self":[{"href":"https:\/\/vagas.portalemprego.com.br\/index.php?rest_route=\/wp\/v2\/posts\/5190","targetHints":{"allow":["GET"]}}],"collection":[{"href":"https:\/\/vagas.portalemprego.com.br\/index.php?rest_route=\/wp\/v2\/posts"}],"about":[{"href":"https:\/\/vagas.portalemprego.com.br\/index.php?rest_route=\/wp\/v2\/types\/post"}],"author":[{"embeddable":true,"href":"https:\/\/vagas.portalemprego.com.br\/index.php?rest_route=\/wp\/v2\/users\/1"}],"replies":[{"embeddable":true,"href":"https:\/\/vagas.portalemprego.com.br\/index.php?rest_route=%2Fwp%2Fv2%2Fcomments&post=5190"}],"version-history":[{"count":0,"href":"https:\/\/vagas.portalemprego.com.br\/index.php?rest_route=\/wp\/v2\/posts\/5190\/revisions"}],"wp:attachment":[{"href":"https:\/\/vagas.portalemprego.com.br\/index.php?rest_route=%2Fwp%2Fv2%2Fmedia&parent=5190"}],"wp:term":[{"taxonomy":"category","embeddable":true,"href":"https:\/\/vagas.portalemprego.com.br\/index.php?rest_route=%2Fwp%2Fv2%2Fcategories&post=5190"},{"taxonomy":"post_tag","embeddable":true,"href":"https:\/\/vagas.portalemprego.com.br\/index.php?rest_route=%2Fwp%2Fv2%2Ftags&post=5190"}],"curies":[{"name":"wp","href":"https:\/\/api.w.org\/{rel}","templated":true}]}}