{"id":5191,"date":"2026-04-29T06:25:25","date_gmt":"2026-04-29T09:25:25","guid":{"rendered":"https:\/\/vagas.portalemprego.com.br\/?p=5191"},"modified":"2026-04-29T06:25:25","modified_gmt":"2026-04-29T09:25:25","slug":"enfermeiro-navegador-i-rj-saude-rio-de-janeiro","status":"publish","type":"post","link":"https:\/\/vagas.portalemprego.com.br\/?p=5191","title":{"rendered":"Enfermeiro navegador I &#8211; RJ &#8211; Sa\u00fade &#8211; Rio de Janeiro"},"content":{"rendered":"<p>Enfermeiro com conhecimento t\u00e9cnico avan\u00e7ado, respons\u00e1vel pelo primeiro contato com o paciente e explica\u00e7\u00e3o do protocolo de tratamento.<br \/>\n Atua como mediador entre m\u00e9dico e paciente, mantendo comunica\u00e7\u00e3o pr\u00f3xima e apoio cont\u00ednuo, inclusive ap\u00f3s quimioterapia.<br \/>\n Trabalha em parceria com m\u00e9dicos, auxiliando na tomada de decis\u00f5es e troca de informa\u00e7\u00f5es cl\u00ednicas.<br \/>\n Experi\u00eancia obrigat\u00f3ria em oncologia, com postura confiante e habilidade para relacionamento interpessoal.<\/p>\n<ul>\n<li>Local de trabalho: Rio de Janeiro, RJ<\/li>\n<li>Regime de contrata\u00e7\u00e3o de tipo: Efetivo \u2013 CLT<\/li>\n<li>Jornada: Per\u00edodo Integral<\/li>\n<li>\u00c1rea e especializa\u00e7\u00e3o profissional: Sa\u00fade &#8211; Oncologia<\/li>\n<li>N\u00edvel hier\u00e1rquico: Especialista<\/li>\n<\/ul>\n<p>Escolaridade M\u00ednima: Ensino Superior<\/p>\n","protected":false},"excerpt":{"rendered":"<p>Enfermeiro com conhecimento t\u00e9cnico avan\u00e7ado, respons\u00e1vel pelo primeiro contato com o paciente e explica\u00e7\u00e3o do protocolo de tratamento. Atua como mediador entre m\u00e9dico e paciente, mantendo comunica\u00e7\u00e3o pr\u00f3xima e apoio cont\u00ednuo, inclusive ap\u00f3s quimioterapia. Trabalha em parceria com m\u00e9dicos, auxiliando na tomada de decis\u00f5es e troca de informa\u00e7\u00f5es cl\u00ednicas. Experi\u00eancia obrigat\u00f3ria em oncologia, com postura [&hellip;]<\/p>\n","protected":false},"author":1,"featured_media":0,"comment_status":"open","ping_status":"open","sticky":false,"template":"","format":"standard","meta":{"footnotes":""},"categories":[21],"tags":[],"class_list":["post-5191","post","type-post","status-publish","format-standard","hentry","category-rio-de-janeiro-rj"],"_links":{"self":[{"href":"https:\/\/vagas.portalemprego.com.br\/index.php?rest_route=\/wp\/v2\/posts\/5191","targetHints":{"allow":["GET"]}}],"collection":[{"href":"https:\/\/vagas.portalemprego.com.br\/index.php?rest_route=\/wp\/v2\/posts"}],"about":[{"href":"https:\/\/vagas.portalemprego.com.br\/index.php?rest_route=\/wp\/v2\/types\/post"}],"author":[{"embeddable":true,"href":"https:\/\/vagas.portalemprego.com.br\/index.php?rest_route=\/wp\/v2\/users\/1"}],"replies":[{"embeddable":true,"href":"https:\/\/vagas.portalemprego.com.br\/index.php?rest_route=%2Fwp%2Fv2%2Fcomments&post=5191"}],"version-history":[{"count":0,"href":"https:\/\/vagas.portalemprego.com.br\/index.php?rest_route=\/wp\/v2\/posts\/5191\/revisions"}],"wp:attachment":[{"href":"https:\/\/vagas.portalemprego.com.br\/index.php?rest_route=%2Fwp%2Fv2%2Fmedia&parent=5191"}],"wp:term":[{"taxonomy":"category","embeddable":true,"href":"https:\/\/vagas.portalemprego.com.br\/index.php?rest_route=%2Fwp%2Fv2%2Fcategories&post=5191"},{"taxonomy":"post_tag","embeddable":true,"href":"https:\/\/vagas.portalemprego.com.br\/index.php?rest_route=%2Fwp%2Fv2%2Ftags&post=5191"}],"curies":[{"name":"wp","href":"https:\/\/api.w.org\/{rel}","templated":true}]}}