{"id":5192,"date":"2026-04-29T06:25:25","date_gmt":"2026-04-29T09:25:25","guid":{"rendered":"https:\/\/vagas.portalemprego.com.br\/?p=5192"},"modified":"2026-04-29T06:25:25","modified_gmt":"2026-04-29T09:25:25","slug":"farmaceutico-gerente-barra-da-tijuca-e-recreio-1450-as-2310-saude-rio-de-janeiro","status":"publish","type":"post","link":"https:\/\/vagas.portalemprego.com.br\/?p=5192","title":{"rendered":"Farmac\u00eautico Gerente | Barra da Tijuca e Recreio &#8211; 14:50 \u00e1s 23:10 &#8211; Sa\u00fade &#8211; Rio de Janeiro"},"content":{"rendered":"<p>Nosso prop\u00f3sito? Cuidar das pessoas de forma acess\u00edvel, humanizada e inovadora. Acreditamos que sa\u00fade vai al\u00e9m dos medicamentos: \u00e9 qualidade de vida, preven\u00e7\u00e3o e bem-estar.<\/p>\n<p>O que nos torna \u00fanicos? Nossa ess\u00eancia carioca, o acolhimento genu\u00edno e a busca constante pela inova\u00e7\u00e3o. Valorizamos o capital humano, investimos na capacita\u00e7\u00e3o de nossos times e ganhamos com \u00e9tica, transpar\u00eancia e simplicidade. Aqui, cada cliente \u00e9 prioridade e cada detalhe importante.<br \/>\nSe voc\u00ea compartilha da nossa paix\u00e3o por cuidar de pessoas, venha crescer com a gente!<br \/>\nMiss\u00e3o do Cargo:<br \/>\nGarantir a excel\u00eancia no atendimento ao cliente, a conformidade legal e sanit\u00e1ria da farm\u00e1cia, al\u00e9m da gest\u00e3o eficiente da equipe e dos resultados da loja, promovendo o bem-estar e a sa\u00fade da comunidade.<br \/>\nPrincipais Atividades:<br \/>\nAtuar como respons\u00e1vel t\u00e9cnico da drogaria, assegurando o cumprimento das legisla\u00e7\u00f5es sanit\u00e1rias e farmac\u00eauticas vigentes.<br \/>\nPrestar orienta\u00e7\u00e3o t\u00e9cnica e farmac\u00eautica aos clientes, garantindo um atendimento humanizado e seguro.<br \/>\nCoordenar, desenvolver e engajar a equipe de colaboradores, promovendo um ambiente motivador e de alta performance.<br \/>\nAcompanhar indicadores de desempenho da loja (vendas, metas, perdas, estoque, atendimento ao cliente) e propor a\u00e7\u00f5es de melhoria.<br \/>\nImplementar e garantir a execu\u00e7\u00e3o de processos operacionais e padr\u00f5es de qualidade definidos pela empresa.<br \/>\nRealizar treinamentos t\u00e9cnicos e de atendimento para o time.<br \/>\nPromover a cultura de \u00e9tica, respeito e cuidado com o cliente e com a equipe.<br \/>\nControlar a entrada, armazenamento e sa\u00edda de medicamentos, zelando pela correta conserva\u00e7\u00e3o e validade dos produtos.<br \/>\nSer refer\u00eancia de lideran\u00e7a e atendimento, representando a farm\u00e1cia perante clientes, equipe e \u00f3rg\u00e3os reguladores.<br \/>\nRequisitos:<br \/>\nEnsino superior completo em Farm\u00e1cia<br \/>\nCRF Ativo<br \/>\nExperi\u00eancia anterior com gest\u00e3o de pessoas. Em varejo ser\u00e1 um diferencial.<br \/>\nDisponibilidade para atuar em escala 6&#215;1<br \/>\nDisponibilidade de hor\u00e1rios &#8211; 14:50 \u00e1s 23:10<\/p>\n<p>O que oferecermos:<br \/>\nSal\u00e1rio competitivo + Beneficios:<br \/>\nAlimenta\u00e7\u00e3o no Local<br \/>\nVale Transporte<br \/>\nTotal Pass<br \/>\nAssistencia m\u00e9dica e odontol\u00f3gica<br \/>\nRemunera\u00e7\u00e3o variavel<br \/>\nDesconto nos produtos da empresa<br \/>\nSesc | Senac<br \/>\nOposrtunidades de crescimento<\/p>\n<p>Local de Trabalho: BARRA DA TIJUCA OU RECREIO | RJ<br \/>\nEscala de Trabalho: 6&#215;1 &#8211; 14:50 \u00e1s 23:10<\/p>\n<ul>\n<li>N\u00famero de vagas: 10<\/li>\n<li>Local de trabalho: Rio de Janeiro, RJ<\/li>\n<li>Regime de contrata\u00e7\u00e3o de tipo: Efetivo \u2013 CLT<\/li>\n<li>Jornada: Per\u00edodo Integral<\/li>\n<li>\u00c1rea e especializa\u00e7\u00e3o profissional: Sa\u00fade &#8211; Farm\u00e1cia<\/li>\n<li>N\u00edvel hier\u00e1rquico: Gerente<\/li>\n<\/ul>\n<p>Escolaridade M\u00ednima: Ensino Superior<\/p>\n<p>Forma\u00e7\u00e3o desejada:<\/p>\n<ul>\n<li>Farm\u00e1cia e Bioqu\u00edmica, Ensino Superior<\/li>\n<\/ul>\n<ul>\n<li>Remunera\u00e7\u00e3o Variavel<\/li>\n<li>Total Pass<\/li>\n<li>Assist\u00eancia odontol\u00f3gica<\/li>\n<li>Assist\u00eancia m\u00e9dica<\/li>\n<li>Vale Transporte<\/li>\n<li>Alimenta\u00e7\u00e3o no Local<\/li>\n<li>Desconto nos produtos da empresa<\/li>\n<li>Sesc | Senac<\/li>\n<\/ul>\n","protected":false},"excerpt":{"rendered":"<p>Nosso prop\u00f3sito? Cuidar das pessoas de forma acess\u00edvel, humanizada e inovadora. Acreditamos que sa\u00fade vai al\u00e9m dos medicamentos: \u00e9 qualidade de vida, preven\u00e7\u00e3o e bem-estar. O que nos torna \u00fanicos? Nossa ess\u00eancia carioca, o acolhimento genu\u00edno e a busca constante pela inova\u00e7\u00e3o. Valorizamos o capital humano, investimos na capacita\u00e7\u00e3o de nossos times e ganhamos com [&hellip;]<\/p>\n","protected":false},"author":1,"featured_media":0,"comment_status":"open","ping_status":"open","sticky":false,"template":"","format":"standard","meta":{"footnotes":""},"categories":[21],"tags":[],"class_list":["post-5192","post","type-post","status-publish","format-standard","hentry","category-rio-de-janeiro-rj"],"_links":{"self":[{"href":"https:\/\/vagas.portalemprego.com.br\/index.php?rest_route=\/wp\/v2\/posts\/5192","targetHints":{"allow":["GET"]}}],"collection":[{"href":"https:\/\/vagas.portalemprego.com.br\/index.php?rest_route=\/wp\/v2\/posts"}],"about":[{"href":"https:\/\/vagas.portalemprego.com.br\/index.php?rest_route=\/wp\/v2\/types\/post"}],"author":[{"embeddable":true,"href":"https:\/\/vagas.portalemprego.com.br\/index.php?rest_route=\/wp\/v2\/users\/1"}],"replies":[{"embeddable":true,"href":"https:\/\/vagas.portalemprego.com.br\/index.php?rest_route=%2Fwp%2Fv2%2Fcomments&post=5192"}],"version-history":[{"count":0,"href":"https:\/\/vagas.portalemprego.com.br\/index.php?rest_route=\/wp\/v2\/posts\/5192\/revisions"}],"wp:attachment":[{"href":"https:\/\/vagas.portalemprego.com.br\/index.php?rest_route=%2Fwp%2Fv2%2Fmedia&parent=5192"}],"wp:term":[{"taxonomy":"category","embeddable":true,"href":"https:\/\/vagas.portalemprego.com.br\/index.php?rest_route=%2Fwp%2Fv2%2Fcategories&post=5192"},{"taxonomy":"post_tag","embeddable":true,"href":"https:\/\/vagas.portalemprego.com.br\/index.php?rest_route=%2Fwp%2Fv2%2Ftags&post=5192"}],"curies":[{"name":"wp","href":"https:\/\/api.w.org\/{rel}","templated":true}]}}