{"id":5194,"date":"2026-04-29T06:25:25","date_gmt":"2026-04-29T09:25:25","guid":{"rendered":"https:\/\/vagas.portalemprego.com.br\/?p=5194"},"modified":"2026-04-29T06:25:25","modified_gmt":"2026-04-29T09:25:25","slug":"enfermeiro-i-rj-saude-rio-de-janeiro","status":"publish","type":"post","link":"https:\/\/vagas.portalemprego.com.br\/?p=5194","title":{"rendered":"Enfermeiro I &#8211; RJ &#8211; Sa\u00fade &#8211; Rio de Janeiro"},"content":{"rendered":"<p>Atua\u00e7\u00e3o em hospital, preferencialmente com p\u00f3s em oncologia, mesmo que a experi\u00eancia n\u00e3o seja oncol\u00f3gica.<br \/>\n Respons\u00e1vel por respostas r\u00e1pidas em manejos de urg\u00eancia, rea\u00e7\u00f5es adversas e pacientes em condi\u00e7\u00e3o mais cr\u00edtica.<br \/>\n Trabalho pr\u00f3ximo a m\u00e9dicos e equipe multidisciplinar, garantindo qualidade e seguran\u00e7a no cuidado.<br \/>\n Necess\u00e1rio bom relacionamento interpessoal e capacidade de atuar em situa\u00e7\u00f5es de alta press\u00e3o.<\/p>\n<ul>\n<li>Local de trabalho: Rio de Janeiro, RJ<\/li>\n<li>Regime de contrata\u00e7\u00e3o de tipo: Efetivo \u2013 CLT<\/li>\n<li>Jornada: Per\u00edodo Integral<\/li>\n<li>\u00c1rea e especializa\u00e7\u00e3o profissional: Sa\u00fade &#8211; Oncologia<\/li>\n<li>N\u00edvel hier\u00e1rquico: Especialista<\/li>\n<\/ul>\n<p>Escolaridade M\u00ednima: Ensino Superior<\/p>\n<p>Sal\u00e1rio: 5006,0<\/p>\n","protected":false},"excerpt":{"rendered":"<p>Atua\u00e7\u00e3o em hospital, preferencialmente com p\u00f3s em oncologia, mesmo que a experi\u00eancia n\u00e3o seja oncol\u00f3gica. Respons\u00e1vel por respostas r\u00e1pidas em manejos de urg\u00eancia, rea\u00e7\u00f5es adversas e pacientes em condi\u00e7\u00e3o mais cr\u00edtica. Trabalho pr\u00f3ximo a m\u00e9dicos e equipe multidisciplinar, garantindo qualidade e seguran\u00e7a no cuidado. Necess\u00e1rio bom relacionamento interpessoal e capacidade de atuar em situa\u00e7\u00f5es de [&hellip;]<\/p>\n","protected":false},"author":1,"featured_media":0,"comment_status":"open","ping_status":"open","sticky":false,"template":"","format":"standard","meta":{"footnotes":""},"categories":[21],"tags":[],"class_list":["post-5194","post","type-post","status-publish","format-standard","hentry","category-rio-de-janeiro-rj"],"_links":{"self":[{"href":"https:\/\/vagas.portalemprego.com.br\/index.php?rest_route=\/wp\/v2\/posts\/5194","targetHints":{"allow":["GET"]}}],"collection":[{"href":"https:\/\/vagas.portalemprego.com.br\/index.php?rest_route=\/wp\/v2\/posts"}],"about":[{"href":"https:\/\/vagas.portalemprego.com.br\/index.php?rest_route=\/wp\/v2\/types\/post"}],"author":[{"embeddable":true,"href":"https:\/\/vagas.portalemprego.com.br\/index.php?rest_route=\/wp\/v2\/users\/1"}],"replies":[{"embeddable":true,"href":"https:\/\/vagas.portalemprego.com.br\/index.php?rest_route=%2Fwp%2Fv2%2Fcomments&post=5194"}],"version-history":[{"count":0,"href":"https:\/\/vagas.portalemprego.com.br\/index.php?rest_route=\/wp\/v2\/posts\/5194\/revisions"}],"wp:attachment":[{"href":"https:\/\/vagas.portalemprego.com.br\/index.php?rest_route=%2Fwp%2Fv2%2Fmedia&parent=5194"}],"wp:term":[{"taxonomy":"category","embeddable":true,"href":"https:\/\/vagas.portalemprego.com.br\/index.php?rest_route=%2Fwp%2Fv2%2Fcategories&post=5194"},{"taxonomy":"post_tag","embeddable":true,"href":"https:\/\/vagas.portalemprego.com.br\/index.php?rest_route=%2Fwp%2Fv2%2Ftags&post=5194"}],"curies":[{"name":"wp","href":"https:\/\/api.w.org\/{rel}","templated":true}]}}