{"id":5195,"date":"2026-04-29T06:25:25","date_gmt":"2026-04-29T09:25:25","guid":{"rendered":"https:\/\/vagas.portalemprego.com.br\/?p=5195"},"modified":"2026-04-29T06:25:25","modified_gmt":"2026-04-29T09:25:25","slug":"assistente-administrativo-area-da-saude-rj-saude-rio-de-janeiro","status":"publish","type":"post","link":"https:\/\/vagas.portalemprego.com.br\/?p=5195","title":{"rendered":"Assistente Administrativo \u2013 \u00c1rea da Sa\u00fade &#8211; RJ &#8211; Sa\u00fade &#8211; Rio de Janeiro"},"content":{"rendered":"<p>Respons\u00e1vel por autoriza\u00e7\u00f5es de procedimentos junto \u00e0s operadoras de sa\u00fade, especialmente nas \u00e1reas de oncologia e nefrologia.<br \/>\n Atua\u00e7\u00e3o interna, sem contato direto com o paciente, garantindo libera\u00e7\u00e3o antes do atendimento.<br \/>\n Necess\u00e1rio experi\u00eancia pr\u00e9via com operadoras, conv\u00eanios e pacote Office, al\u00e9m de senso de urg\u00eancia.<br \/>\n Perfil discreto, boa comunica\u00e7\u00e3o e habilidade para construir relacionamento com as operadoras.<\/p>\n<ul>\n<li>N\u00famero de vagas: 5<\/li>\n<li>Local de trabalho: Rio de Janeiro, RJ<\/li>\n<li>Regime de contrata\u00e7\u00e3o de tipo: Efetivo \u2013 CLT<\/li>\n<li>Jornada: Per\u00edodo Integral<\/li>\n<li>\u00c1rea e especializa\u00e7\u00e3o profissional: Sa\u00fade &#8211; Oncologia<\/li>\n<li>N\u00edvel hier\u00e1rquico: Auxiliar<\/li>\n<\/ul>\n<p>Escolaridade M\u00ednima: Ensino M\u00e9dio (2\u00ba Grau)<\/p>\n","protected":false},"excerpt":{"rendered":"<p>Respons\u00e1vel por autoriza\u00e7\u00f5es de procedimentos junto \u00e0s operadoras de sa\u00fade, especialmente nas \u00e1reas de oncologia e nefrologia. Atua\u00e7\u00e3o interna, sem contato direto com o paciente, garantindo libera\u00e7\u00e3o antes do atendimento. Necess\u00e1rio experi\u00eancia pr\u00e9via com operadoras, conv\u00eanios e pacote Office, al\u00e9m de senso de urg\u00eancia. Perfil discreto, boa comunica\u00e7\u00e3o e habilidade para construir relacionamento com as [&hellip;]<\/p>\n","protected":false},"author":1,"featured_media":0,"comment_status":"open","ping_status":"open","sticky":false,"template":"","format":"standard","meta":{"footnotes":""},"categories":[21],"tags":[],"class_list":["post-5195","post","type-post","status-publish","format-standard","hentry","category-rio-de-janeiro-rj"],"_links":{"self":[{"href":"https:\/\/vagas.portalemprego.com.br\/index.php?rest_route=\/wp\/v2\/posts\/5195","targetHints":{"allow":["GET"]}}],"collection":[{"href":"https:\/\/vagas.portalemprego.com.br\/index.php?rest_route=\/wp\/v2\/posts"}],"about":[{"href":"https:\/\/vagas.portalemprego.com.br\/index.php?rest_route=\/wp\/v2\/types\/post"}],"author":[{"embeddable":true,"href":"https:\/\/vagas.portalemprego.com.br\/index.php?rest_route=\/wp\/v2\/users\/1"}],"replies":[{"embeddable":true,"href":"https:\/\/vagas.portalemprego.com.br\/index.php?rest_route=%2Fwp%2Fv2%2Fcomments&post=5195"}],"version-history":[{"count":0,"href":"https:\/\/vagas.portalemprego.com.br\/index.php?rest_route=\/wp\/v2\/posts\/5195\/revisions"}],"wp:attachment":[{"href":"https:\/\/vagas.portalemprego.com.br\/index.php?rest_route=%2Fwp%2Fv2%2Fmedia&parent=5195"}],"wp:term":[{"taxonomy":"category","embeddable":true,"href":"https:\/\/vagas.portalemprego.com.br\/index.php?rest_route=%2Fwp%2Fv2%2Fcategories&post=5195"},{"taxonomy":"post_tag","embeddable":true,"href":"https:\/\/vagas.portalemprego.com.br\/index.php?rest_route=%2Fwp%2Fv2%2Ftags&post=5195"}],"curies":[{"name":"wp","href":"https:\/\/api.w.org\/{rel}","templated":true}]}}