{"id":5197,"date":"2026-04-29T06:25:25","date_gmt":"2026-04-29T09:25:25","guid":{"rendered":"https:\/\/vagas.portalemprego.com.br\/?p=5197"},"modified":"2026-04-29T06:25:25","modified_gmt":"2026-04-29T09:25:25","slug":"executivo-de-contas-externas-comercial-vendas-sao-joao-de-meriti","status":"publish","type":"post","link":"https:\/\/vagas.portalemprego.com.br\/?p=5197","title":{"rendered":"Executivo de Contas Externas &#8211; Comercial, Vendas &#8211; S\u00e3o Jo\u00e3o de Meriti"},"content":{"rendered":"<p>Responsabilidades:<br \/>\nEfetuar contatos e agendar visitas com o objetivo de identificar clientes potenciais para comercializa\u00e7\u00e3o dos servi\u00e7os de transporte e log\u00edstica.<br \/>\nBuscar atingimento da meta de vendas e de margem de contribui\u00e7\u00e3o para os clientes de sua carteira no m\u00eas.<br \/>\nEfetuar follow-up peri\u00f3dico com os clientes ativos e potenciais, visando identificar o surgimento de oportunidades de neg\u00f3cios.<br \/>\nControlar e conferir as agendas.<br \/>\nCotar e simular fretes, bem como formular as tabelas e dar suporte ao c\u00e1lculo.<br \/>\nFornecer informa\u00e7\u00f5es t\u00e9cnicas sobre o servi\u00e7o de transporte<br \/>\nDesenvolver a\u00e7\u00f5es para obter informa\u00e7\u00f5es sobre concorrentes, pre\u00e7os etc., atrav\u00e9s de contatos com os clientes, que possam subsidiar a\u00e7\u00f5es estrat\u00e9gicas da empresa.<br \/>\nEfetuar a\u00e7\u00f5es de p\u00f3s-vendas, visando garantir o bom atendimento e fidelizar o cliente.<br \/>\nRequisitos:<br \/>\nEnsino Superior completo.<br \/>\nExperi\u00eancia no segmento de transporte, log\u00edstica, medicamentos, cosm\u00e9ticos e correlatos.<br \/>\nDisponibilidade para viagens e deslocamentos<br \/>\nCNH<\/p>\n<ul>\n<li>Local de trabalho: S\u00e3o Jo\u00e3o de Meriti, RJ<\/li>\n<li>Regime de contrata\u00e7\u00e3o de tipo: Efetivo \u2013 CLT<\/li>\n<li>Jornada: Per\u00edodo Integral<\/li>\n<li>\u00c1rea e especializa\u00e7\u00e3o profissional: Comercial, Vendas &#8211; Venda Externa<\/li>\n<li>N\u00edvel hier\u00e1rquico: Consultor<\/li>\n<\/ul>\n<p>HABILIDADES<\/p>\n<ul>\n<li>Boa comunica\u00e7\u00e3o falada e escrita<\/li>\n<li>Iniciativa<\/li>\n<li>Bom relacionamento interpessoal<\/li>\n<\/ul>\n<p>Escolaridade M\u00ednima: Ensino Superior<\/p>\n<ul>\n<li>Assist\u00eancia odontol\u00f3gica<\/li>\n<li>Vale alimenta\u00e7\u00e3o<\/li>\n<li>Vale refei\u00e7\u00e3o<\/li>\n<li>Telemedicina<\/li>\n<li>Seguro de Vida<\/li>\n<li>TotalPass<\/li>\n<\/ul>\n","protected":false},"excerpt":{"rendered":"<p>Responsabilidades: Efetuar contatos e agendar visitas com o objetivo de identificar clientes potenciais para comercializa\u00e7\u00e3o dos servi\u00e7os de transporte e log\u00edstica. Buscar atingimento da meta de vendas e de margem de contribui\u00e7\u00e3o para os clientes de sua carteira no m\u00eas. Efetuar follow-up peri\u00f3dico com os clientes ativos e potenciais, visando identificar o surgimento de oportunidades [&hellip;]<\/p>\n","protected":false},"author":1,"featured_media":0,"comment_status":"open","ping_status":"open","sticky":false,"template":"","format":"standard","meta":{"footnotes":""},"categories":[21],"tags":[],"class_list":["post-5197","post","type-post","status-publish","format-standard","hentry","category-rio-de-janeiro-rj"],"_links":{"self":[{"href":"https:\/\/vagas.portalemprego.com.br\/index.php?rest_route=\/wp\/v2\/posts\/5197","targetHints":{"allow":["GET"]}}],"collection":[{"href":"https:\/\/vagas.portalemprego.com.br\/index.php?rest_route=\/wp\/v2\/posts"}],"about":[{"href":"https:\/\/vagas.portalemprego.com.br\/index.php?rest_route=\/wp\/v2\/types\/post"}],"author":[{"embeddable":true,"href":"https:\/\/vagas.portalemprego.com.br\/index.php?rest_route=\/wp\/v2\/users\/1"}],"replies":[{"embeddable":true,"href":"https:\/\/vagas.portalemprego.com.br\/index.php?rest_route=%2Fwp%2Fv2%2Fcomments&post=5197"}],"version-history":[{"count":0,"href":"https:\/\/vagas.portalemprego.com.br\/index.php?rest_route=\/wp\/v2\/posts\/5197\/revisions"}],"wp:attachment":[{"href":"https:\/\/vagas.portalemprego.com.br\/index.php?rest_route=%2Fwp%2Fv2%2Fmedia&parent=5197"}],"wp:term":[{"taxonomy":"category","embeddable":true,"href":"https:\/\/vagas.portalemprego.com.br\/index.php?rest_route=%2Fwp%2Fv2%2Fcategories&post=5197"},{"taxonomy":"post_tag","embeddable":true,"href":"https:\/\/vagas.portalemprego.com.br\/index.php?rest_route=%2Fwp%2Fv2%2Ftags&post=5197"}],"curies":[{"name":"wp","href":"https:\/\/api.w.org\/{rel}","templated":true}]}}