{"id":5200,"date":"2026-04-29T06:25:25","date_gmt":"2026-04-29T09:25:25","guid":{"rendered":"https:\/\/vagas.portalemprego.com.br\/?p=5200"},"modified":"2026-04-29T06:25:25","modified_gmt":"2026-04-29T09:25:25","slug":"representante-comercial-autonomo-comercial-vendas-rio-de-janeiro","status":"publish","type":"post","link":"https:\/\/vagas.portalemprego.com.br\/?p=5200","title":{"rendered":"Representante Comercial Aut\u00f4nomo &#8211; Comercial, Vendas &#8211; Rio de Janeiro"},"content":{"rendered":"<p>Estamos em busca de um Representante Comercial Aut\u00f4nomo para se juntar \u00e0 nossa equipe.<br \/>\nBuscamos algu\u00e9m din\u00e2mico, com forte vis\u00e3o de mercado e habilidades de negocia\u00e7\u00e3o comprovadas.<br \/>\nMiss\u00e3o: Representar a marca com excel\u00eancia, ampliando oportunidades e fortalecendo a presen\u00e7a da Cerbras no mercado de engenharia e revenda da regi\u00e3o. Conhecimento do mercado local e habilidades de comunica\u00e7\u00e3o e negocia\u00e7\u00e3o s\u00e3o essenciais.<br \/>\nApoiamos nossos representantes comerciais em todas as etapas do processo de vendas, fornecendo treinamento, suporte e ferramentas necess\u00e1rias para o sucesso.<br \/>\nSe voc\u00ea est\u00e1 pronto para um novo desafio e busca oportunidades de crescimento, candidate-se agora e fa\u00e7a parte da nossa equipe!<\/p>\n<ul>\n<li>Local de trabalho: Rio de Janeiro, RJ<\/li>\n<li>Regime de contrata\u00e7\u00e3o de tipo: Aut\u00f4nomo<\/li>\n<li>Jornada: Per\u00edodo Integral<\/li>\n<li>\u00c1rea e especializa\u00e7\u00e3o profissional: Comercial, Vendas &#8211; Representa\u00e7\u00e3o Comercial<\/li>\n<li>N\u00edvel hier\u00e1rquico: Especialista<\/li>\n<\/ul>\n<p>VALORIZADO<\/p>\n<p>Tempo de experi\u00eancia: Entre 3 e 5 anos<\/p>\n<p>Escolaridade M\u00ednima: Ensino M\u00e9dio (2\u00ba Grau)<\/p>\n<p>Ve\u00edculo pr\u00f3prio<\/p>\n<p>Disponibilidade para viajar<\/p>\n","protected":false},"excerpt":{"rendered":"<p>Estamos em busca de um Representante Comercial Aut\u00f4nomo para se juntar \u00e0 nossa equipe. Buscamos algu\u00e9m din\u00e2mico, com forte vis\u00e3o de mercado e habilidades de negocia\u00e7\u00e3o comprovadas. Miss\u00e3o: Representar a marca com excel\u00eancia, ampliando oportunidades e fortalecendo a presen\u00e7a da Cerbras no mercado de engenharia e revenda da regi\u00e3o. Conhecimento do mercado local e habilidades [&hellip;]<\/p>\n","protected":false},"author":1,"featured_media":0,"comment_status":"open","ping_status":"open","sticky":false,"template":"","format":"standard","meta":{"footnotes":""},"categories":[21],"tags":[],"class_list":["post-5200","post","type-post","status-publish","format-standard","hentry","category-rio-de-janeiro-rj"],"_links":{"self":[{"href":"https:\/\/vagas.portalemprego.com.br\/index.php?rest_route=\/wp\/v2\/posts\/5200","targetHints":{"allow":["GET"]}}],"collection":[{"href":"https:\/\/vagas.portalemprego.com.br\/index.php?rest_route=\/wp\/v2\/posts"}],"about":[{"href":"https:\/\/vagas.portalemprego.com.br\/index.php?rest_route=\/wp\/v2\/types\/post"}],"author":[{"embeddable":true,"href":"https:\/\/vagas.portalemprego.com.br\/index.php?rest_route=\/wp\/v2\/users\/1"}],"replies":[{"embeddable":true,"href":"https:\/\/vagas.portalemprego.com.br\/index.php?rest_route=%2Fwp%2Fv2%2Fcomments&post=5200"}],"version-history":[{"count":0,"href":"https:\/\/vagas.portalemprego.com.br\/index.php?rest_route=\/wp\/v2\/posts\/5200\/revisions"}],"wp:attachment":[{"href":"https:\/\/vagas.portalemprego.com.br\/index.php?rest_route=%2Fwp%2Fv2%2Fmedia&parent=5200"}],"wp:term":[{"taxonomy":"category","embeddable":true,"href":"https:\/\/vagas.portalemprego.com.br\/index.php?rest_route=%2Fwp%2Fv2%2Fcategories&post=5200"},{"taxonomy":"post_tag","embeddable":true,"href":"https:\/\/vagas.portalemprego.com.br\/index.php?rest_route=%2Fwp%2Fv2%2Ftags&post=5200"}],"curies":[{"name":"wp","href":"https:\/\/api.w.org\/{rel}","templated":true}]}}