{"id":5201,"date":"2026-04-29T06:25:25","date_gmt":"2026-04-29T09:25:25","guid":{"rendered":"https:\/\/vagas.portalemprego.com.br\/?p=5201"},"modified":"2026-04-29T06:25:25","modified_gmt":"2026-04-29T09:25:25","slug":"operador-de-grampeadeira-industrial-producao-fabrica-niteroi","status":"publish","type":"post","link":"https:\/\/vagas.portalemprego.com.br\/?p=5201","title":{"rendered":"Operador de Grampeadeira &#8211; Industrial, Produ\u00e7\u00e3o, F\u00e1brica &#8211; Niter\u00f3i"},"content":{"rendered":"<p>Estamos em busca de um Operador de Grampeadeira para se juntar \u00e0 nossa equipe na Gr\u00e1fica Power Print.Como parte dessa miss\u00e3o, voc\u00ea ser\u00e1 respons\u00e1vel por operar e manter grampeadeiras, garantindo a efici\u00eancia e a qualidade dos trabalhos de encaderna\u00e7\u00e3o e acabamento.Este cargo \u00e9 fundamental para o nosso processo de produ\u00e7\u00e3o, e sua aten\u00e7\u00e3o aos detalhes e comprometimento com a excel\u00eancia s\u00e3o essenciais para o sucesso da equipe.<br \/>\nVoc\u00ea ser\u00e1 respons\u00e1vel por preparar e operar grampeadeiras, garantindo que os materiais sejam grampeados de acordo com as especifica\u00e7\u00f5es do projeto.Sua fun\u00e7\u00e3o envolve a inspe\u00e7\u00e3o dos materiais antes e depois do processo de grampeamento para assegurar a qualidade e a precis\u00e3o.Al\u00e9m disso, voc\u00ea dever\u00e1 colaborar com outros operadores e equipes para garantir o fluxo cont\u00ednuo da produ\u00e7\u00e3o.<br \/>\nExperi\u00eancia pr\u00e9via em opera\u00e7\u00f5es de grampeadeira \u00e9 um diferencial, mas n\u00e3o \u00e9 obrigat\u00f3ria.Se voc\u00ea tem um bom senso de responsabilidade e uma mentalidade orientada para resultados, esta oportunidade pode ser perfeita para voc\u00ea.A Gr\u00e1fica Power Print valoriza a colabora\u00e7\u00e3o e o crescimento profissional, oferecendo um ambiente de trabalho acolhedor e desafiador.<br \/>\nInteressados devem ter uma boa capacidade de trabalho em equipe, aten\u00e7\u00e3o aos detalhes e uma mentalidade proativa.Se voc\u00ea est\u00e1 procurando um ambiente onde suas habilidades podem ser valorizadas e onde voc\u00ea pode contribuir para projetos de alta qualidade, esta \u00e9 uma oportunidade a n\u00e3o perder.<br \/>\nJunte-se \u00e0 Gr\u00e1fica Power Print e fa\u00e7a parte de uma equipe dedicada a produzir materiais de alta qualidade com efici\u00eancia e precis\u00e3o.Venha contribuir para o nosso sucesso e desbravar novas oportunidades de crescimento profissional.<\/p>\n<ul>\n<li>Local de trabalho: Niter\u00f3i, RJ<\/li>\n<li>Regime de contrata\u00e7\u00e3o de tipo: Efetivo \u2013 CLT<\/li>\n<li>Jornada: Per\u00edodo Integral<\/li>\n<li>\u00c1rea e especializa\u00e7\u00e3o profissional: Industrial, Produ\u00e7\u00e3o, F\u00e1brica &#8211; Operador de M\u00e1quinas<\/li>\n<li>N\u00edvel hier\u00e1rquico: Operacional<\/li>\n<\/ul>\n<p>Escolaridade M\u00ednima: Ensino Fundamental (1\u00ba grau)<\/p>\n<p>Sal\u00e1rio: 3500,0<\/p>\n","protected":false},"excerpt":{"rendered":"<p>Estamos em busca de um Operador de Grampeadeira para se juntar \u00e0 nossa equipe na Gr\u00e1fica Power Print.Como parte dessa miss\u00e3o, voc\u00ea ser\u00e1 respons\u00e1vel por operar e manter grampeadeiras, garantindo a efici\u00eancia e a qualidade dos trabalhos de encaderna\u00e7\u00e3o e acabamento.Este cargo \u00e9 fundamental para o nosso processo de produ\u00e7\u00e3o, e sua aten\u00e7\u00e3o aos detalhes [&hellip;]<\/p>\n","protected":false},"author":1,"featured_media":0,"comment_status":"open","ping_status":"open","sticky":false,"template":"","format":"standard","meta":{"footnotes":""},"categories":[21],"tags":[],"class_list":["post-5201","post","type-post","status-publish","format-standard","hentry","category-rio-de-janeiro-rj"],"_links":{"self":[{"href":"https:\/\/vagas.portalemprego.com.br\/index.php?rest_route=\/wp\/v2\/posts\/5201","targetHints":{"allow":["GET"]}}],"collection":[{"href":"https:\/\/vagas.portalemprego.com.br\/index.php?rest_route=\/wp\/v2\/posts"}],"about":[{"href":"https:\/\/vagas.portalemprego.com.br\/index.php?rest_route=\/wp\/v2\/types\/post"}],"author":[{"embeddable":true,"href":"https:\/\/vagas.portalemprego.com.br\/index.php?rest_route=\/wp\/v2\/users\/1"}],"replies":[{"embeddable":true,"href":"https:\/\/vagas.portalemprego.com.br\/index.php?rest_route=%2Fwp%2Fv2%2Fcomments&post=5201"}],"version-history":[{"count":0,"href":"https:\/\/vagas.portalemprego.com.br\/index.php?rest_route=\/wp\/v2\/posts\/5201\/revisions"}],"wp:attachment":[{"href":"https:\/\/vagas.portalemprego.com.br\/index.php?rest_route=%2Fwp%2Fv2%2Fmedia&parent=5201"}],"wp:term":[{"taxonomy":"category","embeddable":true,"href":"https:\/\/vagas.portalemprego.com.br\/index.php?rest_route=%2Fwp%2Fv2%2Fcategories&post=5201"},{"taxonomy":"post_tag","embeddable":true,"href":"https:\/\/vagas.portalemprego.com.br\/index.php?rest_route=%2Fwp%2Fv2%2Ftags&post=5201"}],"curies":[{"name":"wp","href":"https:\/\/api.w.org\/{rel}","templated":true}]}}