{"id":5204,"date":"2026-04-29T06:26:26","date_gmt":"2026-04-29T09:26:26","guid":{"rendered":"https:\/\/vagas.portalemprego.com.br\/?p=5204"},"modified":"2026-04-29T06:26:26","modified_gmt":"2026-04-29T09:26:26","slug":"analista-remuneracao-jr-estudos-e-planejamento-em-rh-recursos-humanos-rio-de-janeiro","status":"publish","type":"post","link":"https:\/\/vagas.portalemprego.com.br\/?p=5204","title":{"rendered":"Analista Remunera\u00e7\u00e3o Jr. (Estudos e Planejamento em RH) &#8211; Recursos Humanos &#8211; Rio de Janeiro"},"content":{"rendered":"<p>O Grupo Seres em parceria com uma empresa multinacional no segmento farmac\u00eautico, seleciona profissional para atuar na fun\u00e7\u00e3o de\u00a0Analista de Estudos e Planejamento em RH Jr (Remunera\u00e7\u00e3o)<\/p>\n<p>Requisitos:<br \/>\nGradua\u00e7\u00e3o: Ensino superior em Administra\u00e7\u00e3o ou \u00e1reas correlatas;<br \/>\nPacote office, principalmente Word e Excel;<br \/>\nDesej\u00e1vel conhecimento pr\u00e1tico no sistema SAP;<br \/>\nExperi\u00eancia nas \u00e1reas de planejamento de recursos humanos e remunera\u00e7\u00e3o (cargos e sal\u00e1rios, descri\u00e7\u00e3o de cargos);<br \/>\nConhecimento em legisla\u00e7\u00e3o trabalhista;<br \/>\nSer\u00e1 um diferencial conhecimentos em processos de licita\u00e7\u00e3o.<br \/>\nAtividades:<br \/>\nExecutar, com iniciativa, atividades administrativas de baixa complexidade e criticidade na \u00e1rea de Estudos e Planejamento em RH, prestando suporte t\u00e9cnico com responsabilidade crescente e supervis\u00e3o de profissionais mais experientes, apoiando o desenvolvimento de projetos, propondo melhorias nos fluxos operacionais, orientando sobre o preenchimento de formul\u00e1rios de requisi\u00e7\u00e3o e movimenta\u00e7\u00e3o, analisando solicita\u00e7\u00f5es de requisi\u00e7\u00e3o e movimenta\u00e7\u00e3o de prestador de servi\u00e7o, verificando a disponibilidade de vaga para o posto requisitado, atualizando informa\u00e7\u00f5es em planilhas de controle, realizando estudo de impacto financeiro, perfil da vaga e hist\u00f3rico da posi\u00e7\u00e3o, relat\u00f3rios, demonstrativos e c\u00e1lculos, administrando as posi\u00e7\u00f5es no sistema SAP, elaborando ou validando descritivo de miss\u00f5es, recolhendo as aprova\u00e7\u00f5es da VDGT e da Diretoria, formalizando as movimenta\u00e7\u00f5es aprovadas, comunicando ao respons\u00e1vel imediato da \u00e1rea requisitante, administrando as posi\u00e7\u00f5es e realizando ajustes sist\u00eamicos no sistema SAP e SGA, arquivando documentos, atendendo ao p\u00fablico em geral para esclarecimento de d\u00favidas sobre os processos da \u00e1rea, apoiando a realiza\u00e7\u00e3o de fiscaliza\u00e7\u00e3o t\u00e9cnica dos contratos administrativos de m\u00e3o de obra com dedica\u00e7\u00e3o exclusiva, com a finalidade de contribuir para a otimiza\u00e7\u00e3o de atividades, processos, sistemas e rotinas de acordo com as estrat\u00e9gias e pol\u00edticas da Institui\u00e7\u00e3o..<br \/>\nHor\u00e1rio de trabalho:<br \/>\n08h00 \u00e0s 17h00, segunda \u00e0 sexta<br \/>\nLocal de trabalho:<br \/>\nJacarepagu\u00e1 &#8211; Rio de Janeiro\/RJ.<br \/>\nBenef\u00edcios<br \/>\nAssist\u00eancia m\u00e9dica<br \/>\nAssist\u00eancia odontol\u00f3gica<br \/>\nRestaurante interno<br \/>\nSeguro de vida<br \/>\nVale-transporte<\/p>\n<ul>\n<li>Local de trabalho: Rio de Janeiro, RJ<\/li>\n<li>Regime de contrata\u00e7\u00e3o de tipo: Efetivo \u2013 CLT<\/li>\n<li>Jornada: Per\u00edodo Integral<\/li>\n<li>\u00c1rea e especializa\u00e7\u00e3o profissional: Recursos Humanos &#8211; Cargos e Sal\u00e1rios, Benef\u00edcios, Rela\u00e7\u00f5es Sindicais<\/li>\n<li>N\u00edvel hier\u00e1rquico: Analista<\/li>\n<\/ul>\n<p>VALORIZADO<\/p>\n<p>Tempo de experi\u00eancia: Entre 1 e 3 anos<\/p>\n<p>Escolaridade M\u00ednima: Ensino Superior<\/p>\n<p>Sal\u00e1rio: 5140,0<\/p>\n","protected":false},"excerpt":{"rendered":"<p>O Grupo Seres em parceria com uma empresa multinacional no segmento farmac\u00eautico, seleciona profissional para atuar na fun\u00e7\u00e3o de\u00a0Analista de Estudos e Planejamento em RH Jr (Remunera\u00e7\u00e3o) Requisitos: Gradua\u00e7\u00e3o: Ensino superior em Administra\u00e7\u00e3o ou \u00e1reas correlatas; Pacote office, principalmente Word e Excel; Desej\u00e1vel conhecimento pr\u00e1tico no sistema SAP; Experi\u00eancia nas \u00e1reas de planejamento de recursos [&hellip;]<\/p>\n","protected":false},"author":1,"featured_media":0,"comment_status":"open","ping_status":"open","sticky":false,"template":"","format":"standard","meta":{"footnotes":""},"categories":[21],"tags":[],"class_list":["post-5204","post","type-post","status-publish","format-standard","hentry","category-rio-de-janeiro-rj"],"_links":{"self":[{"href":"https:\/\/vagas.portalemprego.com.br\/index.php?rest_route=\/wp\/v2\/posts\/5204","targetHints":{"allow":["GET"]}}],"collection":[{"href":"https:\/\/vagas.portalemprego.com.br\/index.php?rest_route=\/wp\/v2\/posts"}],"about":[{"href":"https:\/\/vagas.portalemprego.com.br\/index.php?rest_route=\/wp\/v2\/types\/post"}],"author":[{"embeddable":true,"href":"https:\/\/vagas.portalemprego.com.br\/index.php?rest_route=\/wp\/v2\/users\/1"}],"replies":[{"embeddable":true,"href":"https:\/\/vagas.portalemprego.com.br\/index.php?rest_route=%2Fwp%2Fv2%2Fcomments&post=5204"}],"version-history":[{"count":0,"href":"https:\/\/vagas.portalemprego.com.br\/index.php?rest_route=\/wp\/v2\/posts\/5204\/revisions"}],"wp:attachment":[{"href":"https:\/\/vagas.portalemprego.com.br\/index.php?rest_route=%2Fwp%2Fv2%2Fmedia&parent=5204"}],"wp:term":[{"taxonomy":"category","embeddable":true,"href":"https:\/\/vagas.portalemprego.com.br\/index.php?rest_route=%2Fwp%2Fv2%2Fcategories&post=5204"},{"taxonomy":"post_tag","embeddable":true,"href":"https:\/\/vagas.portalemprego.com.br\/index.php?rest_route=%2Fwp%2Fv2%2Ftags&post=5204"}],"curies":[{"name":"wp","href":"https:\/\/api.w.org\/{rel}","templated":true}]}}