{"id":5205,"date":"2026-04-29T06:26:26","date_gmt":"2026-04-29T09:26:26","guid":{"rendered":"https:\/\/vagas.portalemprego.com.br\/?p=5205"},"modified":"2026-04-29T06:26:26","modified_gmt":"2026-04-29T09:26:26","slug":"estagiarioa-de-direito-juridica-niteroi","status":"publish","type":"post","link":"https:\/\/vagas.portalemprego.com.br\/?p=5205","title":{"rendered":"ESTAGI\u00c1RIO(A) DE DIREITO &#8211; Jur\u00eddica &#8211; Niter\u00f3i"},"content":{"rendered":"<p>Escrit\u00f3rio de Niter\u00f3i\/RJ contrata:<br \/>\nESTAGI\u00c1RIO(A) DE DIREITO<\/p>\n<p>Regime de contrata\u00e7\u00e3o: Est\u00e1gio<br \/>\nRemunera\u00e7\u00e3o: Acima da m\u00e9dia de mercado<br \/>\nBenef\u00edcios: Vale alimenta\u00e7\u00e3o<br \/>\nFormato de trabalho: H\u00edbrido<br \/>\nHor\u00e1rio de est\u00e1gio: 6 horas di\u00e1rias, das 12h \u00e0s 18h, de segunda a sexta-feira<br \/>\nLocal de resid\u00eancia: Regi\u00e3o Metropolitana do Rio de Janeiro<\/p>\n<p>Requisitos:<br \/>\nGraduando(a) em Direito, com matr\u00edcula ativa entre o 3\u00ba e 4\u00ba per\u00edodo do curso;<br \/>\nForma\u00e7\u00e3o t\u00e9cnica em Inform\u00e1tica ou conhecimento em Tecnologia da Informa\u00e7\u00e3o, especialmente em Intelig\u00eancia Artificial (IA), ser\u00e1 considerado um diferencial;<br \/>\nInteresse em aprender rotinas jur\u00eddicas e desenvolver carreira na advocacia;<br \/>\nBusca constante por conhecimento<\/p>\n<p>Perfil cordial, respons\u00e1vel, proativo e ambicioso, com excelente organiza\u00e7\u00e3o, boa comunica\u00e7\u00e3o e facilidade para aprender novas rotinas. Apaixonado por tecnologia, busca constante por aprendizado e desenvolvimento cont\u00ednuo.<br \/>\nDisponibilidade para in\u00edcio imediato<\/p>\n<p>Atividades: Apoio \u00e0 elabora\u00e7\u00e3o de peti\u00e7\u00f5es de menor complexidade, emiss\u00e3o de guias e realiza\u00e7\u00e3o de protocolos, pesquisa jurisprudencial, elabora\u00e7\u00e3o de relat\u00f3rios jur\u00eddicos e administrativos, participa\u00e7\u00e3o em congressos, semin\u00e1rios e cursos voltados ao aprimoramento de uma advocacia de ponta e refinada, al\u00e9m de suporte geral \u00e0 equipe jur\u00eddica nas demandas do dia a dia.<\/p>\n<ul>\n<li>Local de trabalho: Niter\u00f3i, RJ<\/li>\n<li>Regime de contrata\u00e7\u00e3o de tipo: Est\u00e1gio<\/li>\n<li>Jornada: Parcial tardes<\/li>\n<li>\u00c1rea e especializa\u00e7\u00e3o profissional: Jur\u00eddica &#8211; Advocacia Geral<\/li>\n<li>N\u00edvel hier\u00e1rquico: Estagi\u00e1rio<\/li>\n<\/ul>\n<p>Escolaridade M\u00ednima: Ensino M\u00e9dio (2\u00ba Grau)<\/p>\n<ul>\n<li>Vale alimenta\u00e7\u00e3o<\/li>\n<\/ul>\n","protected":false},"excerpt":{"rendered":"<p>Escrit\u00f3rio de Niter\u00f3i\/RJ contrata: ESTAGI\u00c1RIO(A) DE DIREITO Regime de contrata\u00e7\u00e3o: Est\u00e1gio Remunera\u00e7\u00e3o: Acima da m\u00e9dia de mercado Benef\u00edcios: Vale alimenta\u00e7\u00e3o Formato de trabalho: H\u00edbrido Hor\u00e1rio de est\u00e1gio: 6 horas di\u00e1rias, das 12h \u00e0s 18h, de segunda a sexta-feira Local de resid\u00eancia: Regi\u00e3o Metropolitana do Rio de Janeiro Requisitos: Graduando(a) em Direito, com matr\u00edcula ativa entre [&hellip;]<\/p>\n","protected":false},"author":1,"featured_media":0,"comment_status":"open","ping_status":"open","sticky":false,"template":"","format":"standard","meta":{"footnotes":""},"categories":[21],"tags":[],"class_list":["post-5205","post","type-post","status-publish","format-standard","hentry","category-rio-de-janeiro-rj"],"_links":{"self":[{"href":"https:\/\/vagas.portalemprego.com.br\/index.php?rest_route=\/wp\/v2\/posts\/5205","targetHints":{"allow":["GET"]}}],"collection":[{"href":"https:\/\/vagas.portalemprego.com.br\/index.php?rest_route=\/wp\/v2\/posts"}],"about":[{"href":"https:\/\/vagas.portalemprego.com.br\/index.php?rest_route=\/wp\/v2\/types\/post"}],"author":[{"embeddable":true,"href":"https:\/\/vagas.portalemprego.com.br\/index.php?rest_route=\/wp\/v2\/users\/1"}],"replies":[{"embeddable":true,"href":"https:\/\/vagas.portalemprego.com.br\/index.php?rest_route=%2Fwp%2Fv2%2Fcomments&post=5205"}],"version-history":[{"count":0,"href":"https:\/\/vagas.portalemprego.com.br\/index.php?rest_route=\/wp\/v2\/posts\/5205\/revisions"}],"wp:attachment":[{"href":"https:\/\/vagas.portalemprego.com.br\/index.php?rest_route=%2Fwp%2Fv2%2Fmedia&parent=5205"}],"wp:term":[{"taxonomy":"category","embeddable":true,"href":"https:\/\/vagas.portalemprego.com.br\/index.php?rest_route=%2Fwp%2Fv2%2Fcategories&post=5205"},{"taxonomy":"post_tag","embeddable":true,"href":"https:\/\/vagas.portalemprego.com.br\/index.php?rest_route=%2Fwp%2Fv2%2Ftags&post=5205"}],"curies":[{"name":"wp","href":"https:\/\/api.w.org\/{rel}","templated":true}]}}