{"id":5208,"date":"2026-04-29T06:26:26","date_gmt":"2026-04-29T09:26:26","guid":{"rendered":"https:\/\/vagas.portalemprego.com.br\/?p=5208"},"modified":"2026-04-29T06:26:26","modified_gmt":"2026-04-29T09:26:26","slug":"administrador-de-telecomunicacoes-informatica-ti-telecomunicacoes-rio-de-janeiro","status":"publish","type":"post","link":"https:\/\/vagas.portalemprego.com.br\/?p=5208","title":{"rendered":"Administrador de Telecomunica\u00e7\u00f5es &#8211; Inform\u00e1tica, TI, Telecomunica\u00e7\u00f5es &#8211; Rio de Janeiro"},"content":{"rendered":"<p>Viva a experi\u00eancia SONDA<br \/>\nAqui voc\u00ea transforma sua carreira!<br \/>\nPor que fazer parte da SONDA?<br \/>\n\u00a0<br \/>\nPorque assim como voc\u00ea, amamos o que fazemos, temos paix\u00e3o por inova\u00e7\u00e3o e estamos convencidos de que atrav\u00e9s do conhecimento e da tecnologia vamos transformar n\u00e3o s\u00f3 os neg\u00f3cios de nossos clientes, mas tamb\u00e9m o futuro.<br \/>\nNa SONDA voc\u00ea ter\u00e1 uma experi\u00eancia de trabalho com diversas oportunidades de desenvolvimento pessoal e profissional. Um excelente lugar para aprender e contribuir para melhorar a qualidade de vida das pessoas por meio da tecnologia.<br \/>\n\u00a0<br \/>\nProcuramos\u00a0Administrador de Telecomunica\u00e7\u00f5es (CCNA e ITIL)\u00a0que queira aprender e transformar sua carreira.<br \/>\nModalidade de Trabalho: Atua\u00e7\u00e3o\u00a0Presencial no Rio de Janeiro &#8211; RJ (Ilha do Fund\u00e3o), de 07h \u00e0s 19h, (12&#215;36).<br \/>\nVaga para atuar em projeto de cliente.<br \/>\n\u00a0<br \/>\nNesta fun\u00e7\u00e3o voc\u00ea ir\u00e1:<br \/>\nRealizar a\u00e7\u00f5es desdobradas de demandas;<br \/>\nRealizar opera\u00e7\u00e3o em sistemas wan;<br \/>\nRealizar opera\u00e7\u00e3o em sistemas de redes locais (wlan);<br \/>\nRealizar opera\u00e7\u00e3o em sistemas de transmiss\u00e3o;<br \/>\nRealizar opera\u00e7\u00e3o em sistemas de multim\u00eddia;<br \/>\nRealizar opera\u00e7\u00e3o em sistemas de seguran\u00e7a de redes;\u00a0\u00a0<br \/>\nApoiar na demais a\u00e7\u00f5es.\u00a0<br \/>\n\u00a0<br \/>\nNecess\u00e1rio para oportunidade:<br \/>\nSuperior completo na \u00e1rea de TI;<br \/>\nCertifica\u00e7\u00e3o CCNA e ITIL<br \/>\nExperi\u00eancia pr\u00e9via. \u00a0<br \/>\n\u00a0<br \/>\nO que voc\u00ea pode esperar de n\u00f3s?<br \/>\nFlexibilidade de trabalho, promovendo o equil\u00edbrio entre sua vida pessoal e profissional. Desenvolvimento profissional e evolu\u00e7\u00e3o constante das suas compet\u00eancias, sempre de acordo com os seus interesses.<br \/>\nUm ambiente colaborativo, diverso e inovador, que incentiva o trabalho em equipe.<br \/>\n\u00a0<br \/>\nO que oferecemos?<br \/>\nSONDA Academy: uma plataforma de aprendizado que busca maximizar seu desenvolvimento profissional.<br \/>\nTrabalho h\u00edbrido. Na SONDA sabemos que a flexibilidade \u00e9 importante para o seu bem-estar, \u00e9 por isso que contamos com jornadas presenciais e de teletrabalho.<br \/>\nSONDA Wellness, um programa que busca apoi\u00e1-lo no equil\u00edbrio da sua vida pessoal e profissional, promovendo uma s\u00e9rie de iniciativas focadas na sua sa\u00fade f\u00edsica, menta e social.<br \/>\nE muito mais!<br \/>\n\u00a0<br \/>\n+ Diversidade + Inclus\u00e3o = Inova\u00e7\u00e3o e colabora\u00e7\u00e3o<br \/>\nNa SONDA estamos comprometidos com a diversidade. Promovemos um ambiente inclusivo, garantindo que os talentos possam trabalhar em um ambiente positivo que os convide a desenvolver sua carreira profissional com igualdade de oportunidades. Sabermos que a diversidade \u00e9 um elemento fundamental para impulsionar a inova\u00e7\u00e3o, \u00e9 por isso que buscamos candidatos com base em suas qualifica\u00e7\u00f5es profissionais, independentemente de ra\u00e7a, cor da pele, religi\u00e3o, idade, sexo, orienta\u00e7\u00e3o sexual, identidade de g\u00eanero, nacionalidade ou defici\u00eancia.<br \/>\n\u00a0<br \/>\nFa\u00e7a parte da nossa equipe!<br \/>\n#VempraSONDA<\/p>\n<ul>\n<li>Local de trabalho: Rio de Janeiro, RJ<\/li>\n<li>Regime de contrata\u00e7\u00e3o de tipo: Efetivo \u2013 CLT<\/li>\n<li>Jornada: Per\u00edodo Integral<\/li>\n<li>\u00c1rea e especializa\u00e7\u00e3o profissional: Inform\u00e1tica, TI, Telecomunica\u00e7\u00f5es &#8211; Administrador de Redes<\/li>\n<li>N\u00edvel hier\u00e1rquico: Analista<\/li>\n<\/ul>\n<p>VALORIZADO<\/p>\n<p>Tempo de experi\u00eancia: Entre 3 e 5 anos<\/p>\n<p>HABILIDADES<\/p>\n<ul>\n<li>redes<\/li>\n<li>sistemas wan<\/li>\n<li>sistemas de redes locais (wlan)<\/li>\n<li>seguran\u00e7a de redes<\/li>\n<\/ul>\n<p>Escolaridade M\u00ednima: Ensino Superior<\/p>\n","protected":false},"excerpt":{"rendered":"<p>Viva a experi\u00eancia SONDA Aqui voc\u00ea transforma sua carreira! Por que fazer parte da SONDA? \u00a0 Porque assim como voc\u00ea, amamos o que fazemos, temos paix\u00e3o por inova\u00e7\u00e3o e estamos convencidos de que atrav\u00e9s do conhecimento e da tecnologia vamos transformar n\u00e3o s\u00f3 os neg\u00f3cios de nossos clientes, mas tamb\u00e9m o futuro. Na SONDA voc\u00ea [&hellip;]<\/p>\n","protected":false},"author":1,"featured_media":0,"comment_status":"open","ping_status":"open","sticky":false,"template":"","format":"standard","meta":{"footnotes":""},"categories":[21],"tags":[],"class_list":["post-5208","post","type-post","status-publish","format-standard","hentry","category-rio-de-janeiro-rj"],"_links":{"self":[{"href":"https:\/\/vagas.portalemprego.com.br\/index.php?rest_route=\/wp\/v2\/posts\/5208","targetHints":{"allow":["GET"]}}],"collection":[{"href":"https:\/\/vagas.portalemprego.com.br\/index.php?rest_route=\/wp\/v2\/posts"}],"about":[{"href":"https:\/\/vagas.portalemprego.com.br\/index.php?rest_route=\/wp\/v2\/types\/post"}],"author":[{"embeddable":true,"href":"https:\/\/vagas.portalemprego.com.br\/index.php?rest_route=\/wp\/v2\/users\/1"}],"replies":[{"embeddable":true,"href":"https:\/\/vagas.portalemprego.com.br\/index.php?rest_route=%2Fwp%2Fv2%2Fcomments&post=5208"}],"version-history":[{"count":0,"href":"https:\/\/vagas.portalemprego.com.br\/index.php?rest_route=\/wp\/v2\/posts\/5208\/revisions"}],"wp:attachment":[{"href":"https:\/\/vagas.portalemprego.com.br\/index.php?rest_route=%2Fwp%2Fv2%2Fmedia&parent=5208"}],"wp:term":[{"taxonomy":"category","embeddable":true,"href":"https:\/\/vagas.portalemprego.com.br\/index.php?rest_route=%2Fwp%2Fv2%2Fcategories&post=5208"},{"taxonomy":"post_tag","embeddable":true,"href":"https:\/\/vagas.portalemprego.com.br\/index.php?rest_route=%2Fwp%2Fv2%2Ftags&post=5208"}],"curies":[{"name":"wp","href":"https:\/\/api.w.org\/{rel}","templated":true}]}}