{"id":5210,"date":"2026-04-29T06:26:26","date_gmt":"2026-04-29T09:26:26","guid":{"rendered":"https:\/\/vagas.portalemprego.com.br\/?p=5210"},"modified":"2026-04-29T06:26:26","modified_gmt":"2026-04-29T09:26:26","slug":"executivoa-de-vendas-digitais-midia-conteudo-noticias-comercial-vendas-rio-de-janeiro-2","status":"publish","type":"post","link":"https:\/\/vagas.portalemprego.com.br\/?p=5210","title":{"rendered":"Executivo(a) de Vendas Digitais | M\u00eddia, Conte\u00fado &amp; Not\u00edcias &#8211; Comercial, Vendas &#8211; Rio de Janeiro"},"content":{"rendered":"<p>Abastecer as lojas de seu roteiro com produtos, efetuando os padr\u00f5es de execu\u00e7\u00e3o, com o objetivo de atingir e superar os objetivos de vendas; Respons\u00e1vel controlar e Esta vaga tamb\u00e9m \u00e9 destinada a Pessoas com Defici\u00eancia (PCD). Valorizamos a diversidade e incentivamos a candidatura de profissionais de todos os perfis. Gerenciar e expandir carteira de clientes existente; Atuar na reten\u00e7\u00e3o e upsell; Monitorar a performance das contas; Atuar como consultor de neg\u00f3cios; Mapear stakeholders e ampliar o relacionamento dentro das contas j\u00e1 conquistadas. No ManpowerGroup, a sua carreira tem um novo rumo! Se voc\u00ea est\u00e1 em busca de crescimento, desafios e um ambiente que valoriza o seu potencial, venha fazer parte do nosso time. Aqui, cada talento \u00e9 reconhecido e valorizado. Candidate-se agora e transforme seu futuro com a gente !!<br \/>\nRequisitos e qualifica\u00e7\u00f5es<br \/>\nEscolaridade m\u00ednima: Gradua\u00e7\u00e3o em Publicidade e Propaganda, conclu\u00edda; Gradua\u00e7\u00e3o em Comunica\u00e7\u00e3o Social \u2013 Jornalismo, conclu\u00edda; Experi\u00eancia em vendas B2B nas \u00e1reas de m\u00eddia, conte\u00fado, comunica\u00e7\u00e3o ou digital; Flu\u00eancia em ingl\u00eas; Espanhol avan\u00e7ado. #ExecutivoDeVendasDigitais #VagaPCD #Oportunidade #Manpowergroup #Vagasmanpower<\/p>\n<ul>\n<li>Local de trabalho: Rio de Janeiro, RJ<\/li>\n<li>Regime de contrata\u00e7\u00e3o de tipo: Efetivo \u2013 CLT<\/li>\n<li>Jornada: Per\u00edodo Integral<\/li>\n<li>\u00c1rea e especializa\u00e7\u00e3o profissional: Comercial, Vendas &#8211; Representa\u00e7\u00e3o Comercial<\/li>\n<li>N\u00edvel hier\u00e1rquico: Especialista<\/li>\n<\/ul>\n<p>Escolaridade M\u00ednima: Ensino Superior<\/p>\n<ul>\n<li>Plano de sa\u00fade; Plano odontol\u00f3gico; Seguro de vida; Vale transporte; Vale refei\u00e7\u00e3o ou alimenta\u00e7\u00e3o.<\/li>\n<\/ul>\n","protected":false},"excerpt":{"rendered":"<p>Abastecer as lojas de seu roteiro com produtos, efetuando os padr\u00f5es de execu\u00e7\u00e3o, com o objetivo de atingir e superar os objetivos de vendas; Respons\u00e1vel controlar e Esta vaga tamb\u00e9m \u00e9 destinada a Pessoas com Defici\u00eancia (PCD). Valorizamos a diversidade e incentivamos a candidatura de profissionais de todos os perfis. Gerenciar e expandir carteira de [&hellip;]<\/p>\n","protected":false},"author":1,"featured_media":0,"comment_status":"open","ping_status":"open","sticky":false,"template":"","format":"standard","meta":{"footnotes":""},"categories":[21],"tags":[],"class_list":["post-5210","post","type-post","status-publish","format-standard","hentry","category-rio-de-janeiro-rj"],"_links":{"self":[{"href":"https:\/\/vagas.portalemprego.com.br\/index.php?rest_route=\/wp\/v2\/posts\/5210","targetHints":{"allow":["GET"]}}],"collection":[{"href":"https:\/\/vagas.portalemprego.com.br\/index.php?rest_route=\/wp\/v2\/posts"}],"about":[{"href":"https:\/\/vagas.portalemprego.com.br\/index.php?rest_route=\/wp\/v2\/types\/post"}],"author":[{"embeddable":true,"href":"https:\/\/vagas.portalemprego.com.br\/index.php?rest_route=\/wp\/v2\/users\/1"}],"replies":[{"embeddable":true,"href":"https:\/\/vagas.portalemprego.com.br\/index.php?rest_route=%2Fwp%2Fv2%2Fcomments&post=5210"}],"version-history":[{"count":0,"href":"https:\/\/vagas.portalemprego.com.br\/index.php?rest_route=\/wp\/v2\/posts\/5210\/revisions"}],"wp:attachment":[{"href":"https:\/\/vagas.portalemprego.com.br\/index.php?rest_route=%2Fwp%2Fv2%2Fmedia&parent=5210"}],"wp:term":[{"taxonomy":"category","embeddable":true,"href":"https:\/\/vagas.portalemprego.com.br\/index.php?rest_route=%2Fwp%2Fv2%2Fcategories&post=5210"},{"taxonomy":"post_tag","embeddable":true,"href":"https:\/\/vagas.portalemprego.com.br\/index.php?rest_route=%2Fwp%2Fv2%2Ftags&post=5210"}],"curies":[{"name":"wp","href":"https:\/\/api.w.org\/{rel}","templated":true}]}}