{"id":5211,"date":"2026-04-29T06:26:26","date_gmt":"2026-04-29T09:26:26","guid":{"rendered":"https:\/\/vagas.portalemprego.com.br\/?p=5211"},"modified":"2026-04-29T06:26:26","modified_gmt":"2026-04-29T09:26:26","slug":"atendente-iraja-alimentacao-gastronomia-rio-de-janeiro","status":"publish","type":"post","link":"https:\/\/vagas.portalemprego.com.br\/?p=5211","title":{"rendered":"Atendente &#8211; Iraj\u00e1 &#8211; Alimenta\u00e7\u00e3o \/ Gastronomia &#8211; Rio de Janeiro"},"content":{"rendered":"<p>Atendente<br \/>\n??\u00a0Escala:\u00a06&#215;1\u00a0&#8211;\u00a0Av.\u00a0Monsenhor\u00a0F\u00e9lix,\u00a01200\u00a0&#8211;\u00a0Iraj\u00e1,\u00a0Rio\u00a0de\u00a0Janeiro\u00a0&#8211;\u00a0RJ,\u00a021235-111<br \/>\n?\u00a0Hor\u00e1rio:\u00a016h00\u00a0\u00e0s\u00a000h20<br \/>\n??\u00a0Sal\u00e1rio:\u00a0R$\u00a01.526,00\u00a0+\u00a0premia\u00e7\u00e3o\u00a0por\u00a0metas\u00a0+\u00a0VT<br \/>\n??\u00a0Local:\u00a0F\u00e1cil\u00a0acesso\u00a0a\u00a0Iraj\u00e1<br \/>\nResponsabilidades:<br \/>\nAtendimento\u00a0direto\u00a0ao\u00a0cliente\u00a0(balc\u00e3o,\u00a0sal\u00e3o\u00a0ou\u00a0drive);<br \/>\nMontagem\u00a0e\u00a0entrega\u00a0de\u00a0pedidos;<br \/>\nOrganiza\u00e7\u00e3o\u00a0do\u00a0ambiente\u00a0de\u00a0trabalho\u00a0e\u00a0apoio\u00a0nas\u00a0rotinas\u00a0do\u00a0restaurante.<br \/>\nRequisitos:<br \/>\nBoa\u00a0comunica\u00e7\u00e3o\u00a0e\u00a0simpatia;<br \/>\nAgilidade\u00a0e\u00a0disposi\u00e7\u00e3o\u00a0para\u00a0trabalho\u00a0em\u00a0equipe;<br \/>\nDisponibilidade\u00a0de\u00a0hor\u00e1rio.<\/p>\n<ul>\n<li>Local de trabalho: Rio de Janeiro, RJ<\/li>\n<li>Regime de contrata\u00e7\u00e3o de tipo: Efetivo \u2013 CLT<\/li>\n<li>Jornada: Parcial tardes<\/li>\n<li>\u00c1rea e especializa\u00e7\u00e3o profissional: Alimenta\u00e7\u00e3o \/ Gastronomia &#8211; Atendente \/ Recep\u00e7\u00e3o \/ Gar\u00e7om<\/li>\n<li>N\u00edvel hier\u00e1rquico: Auxiliar<\/li>\n<\/ul>\n<p>Escolaridade M\u00ednima: Ensino Fundamental (1\u00ba grau)<\/p>\n<p>Sal\u00e1rio: 1526,0<\/p>\n","protected":false},"excerpt":{"rendered":"<p>Atendente ??\u00a0Escala:\u00a06&#215;1\u00a0&#8211;\u00a0Av.\u00a0Monsenhor\u00a0F\u00e9lix,\u00a01200\u00a0&#8211;\u00a0Iraj\u00e1,\u00a0Rio\u00a0de\u00a0Janeiro\u00a0&#8211;\u00a0RJ,\u00a021235-111 ?\u00a0Hor\u00e1rio:\u00a016h00\u00a0\u00e0s\u00a000h20 ??\u00a0Sal\u00e1rio:\u00a0R$\u00a01.526,00\u00a0+\u00a0premia\u00e7\u00e3o\u00a0por\u00a0metas\u00a0+\u00a0VT ??\u00a0Local:\u00a0F\u00e1cil\u00a0acesso\u00a0a\u00a0Iraj\u00e1 Responsabilidades: Atendimento\u00a0direto\u00a0ao\u00a0cliente\u00a0(balc\u00e3o,\u00a0sal\u00e3o\u00a0ou\u00a0drive); Montagem\u00a0e\u00a0entrega\u00a0de\u00a0pedidos; Organiza\u00e7\u00e3o\u00a0do\u00a0ambiente\u00a0de\u00a0trabalho\u00a0e\u00a0apoio\u00a0nas\u00a0rotinas\u00a0do\u00a0restaurante. Requisitos: Boa\u00a0comunica\u00e7\u00e3o\u00a0e\u00a0simpatia; Agilidade\u00a0e\u00a0disposi\u00e7\u00e3o\u00a0para\u00a0trabalho\u00a0em\u00a0equipe; Disponibilidade\u00a0de\u00a0hor\u00e1rio. Local de trabalho: Rio de Janeiro, RJ Regime de contrata\u00e7\u00e3o de tipo: Efetivo \u2013 CLT Jornada: Parcial tardes \u00c1rea e especializa\u00e7\u00e3o profissional: Alimenta\u00e7\u00e3o \/ Gastronomia &#8211; Atendente \/ Recep\u00e7\u00e3o \/ Gar\u00e7om N\u00edvel hier\u00e1rquico: Auxiliar Escolaridade M\u00ednima: Ensino Fundamental (1\u00ba grau) Sal\u00e1rio: 1526,0<\/p>\n","protected":false},"author":1,"featured_media":0,"comment_status":"open","ping_status":"open","sticky":false,"template":"","format":"standard","meta":{"footnotes":""},"categories":[21],"tags":[],"class_list":["post-5211","post","type-post","status-publish","format-standard","hentry","category-rio-de-janeiro-rj"],"_links":{"self":[{"href":"https:\/\/vagas.portalemprego.com.br\/index.php?rest_route=\/wp\/v2\/posts\/5211","targetHints":{"allow":["GET"]}}],"collection":[{"href":"https:\/\/vagas.portalemprego.com.br\/index.php?rest_route=\/wp\/v2\/posts"}],"about":[{"href":"https:\/\/vagas.portalemprego.com.br\/index.php?rest_route=\/wp\/v2\/types\/post"}],"author":[{"embeddable":true,"href":"https:\/\/vagas.portalemprego.com.br\/index.php?rest_route=\/wp\/v2\/users\/1"}],"replies":[{"embeddable":true,"href":"https:\/\/vagas.portalemprego.com.br\/index.php?rest_route=%2Fwp%2Fv2%2Fcomments&post=5211"}],"version-history":[{"count":0,"href":"https:\/\/vagas.portalemprego.com.br\/index.php?rest_route=\/wp\/v2\/posts\/5211\/revisions"}],"wp:attachment":[{"href":"https:\/\/vagas.portalemprego.com.br\/index.php?rest_route=%2Fwp%2Fv2%2Fmedia&parent=5211"}],"wp:term":[{"taxonomy":"category","embeddable":true,"href":"https:\/\/vagas.portalemprego.com.br\/index.php?rest_route=%2Fwp%2Fv2%2Fcategories&post=5211"},{"taxonomy":"post_tag","embeddable":true,"href":"https:\/\/vagas.portalemprego.com.br\/index.php?rest_route=%2Fwp%2Fv2%2Ftags&post=5211"}],"curies":[{"name":"wp","href":"https:\/\/api.w.org\/{rel}","templated":true}]}}