{"id":5212,"date":"2026-04-29T06:26:26","date_gmt":"2026-04-29T09:26:26","guid":{"rendered":"https:\/\/vagas.portalemprego.com.br\/?p=5212"},"modified":"2026-04-29T06:26:26","modified_gmt":"2026-04-29T09:26:26","slug":"assistente-de-faturamento-contabil-financas-economia-rio-de-janeiro-2","status":"publish","type":"post","link":"https:\/\/vagas.portalemprego.com.br\/?p=5212","title":{"rendered":"Assistente de Faturamento &#8211; Cont\u00e1bil, Finan\u00e7as, Economia &#8211; Rio de Janeiro"},"content":{"rendered":"<p>Sal\u00e1rio: R$ 2.072,00 a 2.500,00<br \/>\nBenef\u00edcios: Almo\u00e7o no local + Vale-Transporte<br \/>\n?? Responsabilidades<\/p>\n<p>Emiss\u00e3o de notas fiscais de servi\u00e7os e produtos;<\/p>\n<p>Confer\u00eancia de dados fiscais e tribut\u00e1rios;<\/p>\n<p>Organiza\u00e7\u00e3o e controle de documentos financeiros;<\/p>\n<p>Apoio nas rotinas administrativas do setor financeiro;<\/p>\n<p>Suporte ao time na apura\u00e7\u00e3o de informa\u00e7\u00f5es financeiras e relat\u00f3rios;<\/p>\n<p>Atendimento interno e externo referente \u00e0s demandas financeiras.<\/p>\n<p>?? Requisitos<\/p>\n<p>Experi\u00eancia  em emiss\u00e3o de notas fiscais;<br \/>\nFamiliaridade com sistemas financeiros e plataformas de gest\u00e3o;<br \/>\nEnsino m\u00e9dio completo (desej\u00e1vel curso t\u00e9cnico ou superior em andamento).<\/p>\n<p>?? Perfil desejado<\/p>\n<p>Din\u00e2mico, proativo e \u00e1gil;<\/p>\n<p>Perfil anal\u00edtico e atento aos detalhes;<\/p>\n<p>Boa comunica\u00e7\u00e3o e organiza\u00e7\u00e3o;<\/p>\n<p>Facilidade em trabalhar em equipe.<\/p>\n<p>Caso tenha interesse em dar continuidade no processo seletivo, nos d\u00ea o retorno a essa mensagem.<\/p>\n<ul>\n<li>Local de trabalho: Rio de Janeiro, RJ<\/li>\n<li>Regime de contrata\u00e7\u00e3o de tipo: Efetivo \u2013 CLT<\/li>\n<li>Jornada: Per\u00edodo Integral<\/li>\n<li>\u00c1rea e especializa\u00e7\u00e3o profissional: Cont\u00e1bil, Finan\u00e7as, Economia &#8211; Fiscal<\/li>\n<li>N\u00edvel hier\u00e1rquico: Assistente<\/li>\n<\/ul>\n<p>VALORIZADO<\/p>\n<p>Tempo de experi\u00eancia: Menos de 1 ano<\/p>\n<p>Escolaridade M\u00ednima: Ensino M\u00e9dio (2\u00ba Grau)<\/p>\n<p>Sal\u00e1rio: 2500,0<\/p>\n","protected":false},"excerpt":{"rendered":"<p>Sal\u00e1rio: R$ 2.072,00 a 2.500,00 Benef\u00edcios: Almo\u00e7o no local + Vale-Transporte ?? Responsabilidades Emiss\u00e3o de notas fiscais de servi\u00e7os e produtos; Confer\u00eancia de dados fiscais e tribut\u00e1rios; Organiza\u00e7\u00e3o e controle de documentos financeiros; Apoio nas rotinas administrativas do setor financeiro; Suporte ao time na apura\u00e7\u00e3o de informa\u00e7\u00f5es financeiras e relat\u00f3rios; Atendimento interno e externo referente [&hellip;]<\/p>\n","protected":false},"author":1,"featured_media":0,"comment_status":"open","ping_status":"open","sticky":false,"template":"","format":"standard","meta":{"footnotes":""},"categories":[21],"tags":[],"class_list":["post-5212","post","type-post","status-publish","format-standard","hentry","category-rio-de-janeiro-rj"],"_links":{"self":[{"href":"https:\/\/vagas.portalemprego.com.br\/index.php?rest_route=\/wp\/v2\/posts\/5212","targetHints":{"allow":["GET"]}}],"collection":[{"href":"https:\/\/vagas.portalemprego.com.br\/index.php?rest_route=\/wp\/v2\/posts"}],"about":[{"href":"https:\/\/vagas.portalemprego.com.br\/index.php?rest_route=\/wp\/v2\/types\/post"}],"author":[{"embeddable":true,"href":"https:\/\/vagas.portalemprego.com.br\/index.php?rest_route=\/wp\/v2\/users\/1"}],"replies":[{"embeddable":true,"href":"https:\/\/vagas.portalemprego.com.br\/index.php?rest_route=%2Fwp%2Fv2%2Fcomments&post=5212"}],"version-history":[{"count":0,"href":"https:\/\/vagas.portalemprego.com.br\/index.php?rest_route=\/wp\/v2\/posts\/5212\/revisions"}],"wp:attachment":[{"href":"https:\/\/vagas.portalemprego.com.br\/index.php?rest_route=%2Fwp%2Fv2%2Fmedia&parent=5212"}],"wp:term":[{"taxonomy":"category","embeddable":true,"href":"https:\/\/vagas.portalemprego.com.br\/index.php?rest_route=%2Fwp%2Fv2%2Fcategories&post=5212"},{"taxonomy":"post_tag","embeddable":true,"href":"https:\/\/vagas.portalemprego.com.br\/index.php?rest_route=%2Fwp%2Fv2%2Ftags&post=5212"}],"curies":[{"name":"wp","href":"https:\/\/api.w.org\/{rel}","templated":true}]}}