{"id":5214,"date":"2026-04-29T06:26:26","date_gmt":"2026-04-29T09:26:26","guid":{"rendered":"https:\/\/vagas.portalemprego.com.br\/?p=5214"},"modified":"2026-04-29T06:26:26","modified_gmt":"2026-04-29T09:26:26","slug":"zelador-servicos-gerais-rio-de-janeiro-4","status":"publish","type":"post","link":"https:\/\/vagas.portalemprego.com.br\/?p=5214","title":{"rendered":"Zelador &#8211; Servi\u00e7os Gerais &#8211; Rio de Janeiro"},"content":{"rendered":"<p>Estamos em busca de um Zelador para se juntar ao nosso time no Grupo Gisa. Buscamos algu\u00e9m respons\u00e1vel, dedicado e com uma forte \u00e9tica de trabalho para manter nossos espa\u00e7os limpos e seguros.O candidato ideal dever\u00e1 ter experi\u00eancia comprovada na fun\u00e7\u00e3o e estar disposto a trabalhar, incluindo finais de semana e feriados, conforme necess\u00e1rio.<br \/>\nComo Zelador, suas principais responsabilidades incluir\u00e3o a limpeza e manuten\u00e7\u00e3o de \u00e1reas comuns, como banheiros, corredores e salas de reuni\u00f5es. Al\u00e9m disso, voc\u00ea ser\u00e1 respons\u00e1vel por garantir que todos os equipamentos e utens\u00edlios estejam em ordem e prontos para uso. A manuten\u00e7\u00e3o de um ambiente seguro e agrad\u00e1vel \u00e9 fundamental para o nosso trabalho di\u00e1rio, e sua aten\u00e7\u00e3o aos detalhes ajudar\u00e1 a criar um ambiente de trabalho positivo para todos.<br \/>\nExperi\u00eancia pr\u00e9via em fun\u00e7\u00f5es similares \u00e9 um diferencial, mas n\u00e3o \u00e9 um requisito absoluto. Se voc\u00ea tem um hist\u00f3rico de responsabilidade e comprometimento com a limpeza e manuten\u00e7\u00e3o, esta oportunidade pode ser perfeita para voc\u00ea. Al\u00e9m da limpeza, voc\u00ea tamb\u00e9m deve estar preparado para realizar tarefas de manuten\u00e7\u00e3o b\u00e1sica, como consertar pequenos problemas e reportar quaisquer quest\u00f5es mais s\u00e9rias para os encarregados.<br \/>\nO Grupo Gisa valoriza um ambiente de trabalho colaborativo e est\u00e1 procurando algu\u00e9m proativo, al\u00e9m de ser automotivado e capaz de gerenciar seu pr\u00f3prio tempo. Se voc\u00ea \u00e9 algu\u00e9m que se orgulha do trabalho realizado e est\u00e1 pronto para contribuir para uma equipe dedicada, esta \u00e9 uma oportunidade que vale a pena considerar.<br \/>\nJunte-se a n\u00f3s e fa\u00e7a parte de uma equipe que se preocupa com a qualidade e a manuten\u00e7\u00e3o de um ambiente limpo e seguro. Estamos ansiosos para conhecer algu\u00e9m que compartilhe nossa paix\u00e3o por um espa\u00e7o de trabalho impec\u00e1vel.<\/p>\n<ul>\n<li>Local de trabalho: Rio de Janeiro, RJ<\/li>\n<li>Regime de contrata\u00e7\u00e3o de tipo: Efetivo \u2013 CLT<\/li>\n<li>Jornada: Per\u00edodo Integral<\/li>\n<li>\u00c1rea e especializa\u00e7\u00e3o profissional: Servi\u00e7os Gerais &#8211; Zeladoria<\/li>\n<li>N\u00edvel hier\u00e1rquico: Operacional<\/li>\n<\/ul>\n<p>HABILIDADES<\/p>\n<ul>\n<li>conhecimento em servi\u00e7os gerais<\/li>\n<li>conhecimento em manuten\u00e7\u00e3o<\/li>\n<\/ul>\n<p>Escolaridade M\u00ednima: Ensino M\u00e9dio (2\u00ba Grau)<\/p>\n<ul>\n<li>Alimenta\u00e7\u00e3o<\/li>\n<li>Vale-transporte<\/li>\n<\/ul>\n<p>Sal\u00e1rio: 2515,5<\/p>\n","protected":false},"excerpt":{"rendered":"<p>Estamos em busca de um Zelador para se juntar ao nosso time no Grupo Gisa. Buscamos algu\u00e9m respons\u00e1vel, dedicado e com uma forte \u00e9tica de trabalho para manter nossos espa\u00e7os limpos e seguros.O candidato ideal dever\u00e1 ter experi\u00eancia comprovada na fun\u00e7\u00e3o e estar disposto a trabalhar, incluindo finais de semana e feriados, conforme necess\u00e1rio. Como [&hellip;]<\/p>\n","protected":false},"author":1,"featured_media":0,"comment_status":"open","ping_status":"open","sticky":false,"template":"","format":"standard","meta":{"footnotes":""},"categories":[21],"tags":[],"class_list":["post-5214","post","type-post","status-publish","format-standard","hentry","category-rio-de-janeiro-rj"],"_links":{"self":[{"href":"https:\/\/vagas.portalemprego.com.br\/index.php?rest_route=\/wp\/v2\/posts\/5214","targetHints":{"allow":["GET"]}}],"collection":[{"href":"https:\/\/vagas.portalemprego.com.br\/index.php?rest_route=\/wp\/v2\/posts"}],"about":[{"href":"https:\/\/vagas.portalemprego.com.br\/index.php?rest_route=\/wp\/v2\/types\/post"}],"author":[{"embeddable":true,"href":"https:\/\/vagas.portalemprego.com.br\/index.php?rest_route=\/wp\/v2\/users\/1"}],"replies":[{"embeddable":true,"href":"https:\/\/vagas.portalemprego.com.br\/index.php?rest_route=%2Fwp%2Fv2%2Fcomments&post=5214"}],"version-history":[{"count":0,"href":"https:\/\/vagas.portalemprego.com.br\/index.php?rest_route=\/wp\/v2\/posts\/5214\/revisions"}],"wp:attachment":[{"href":"https:\/\/vagas.portalemprego.com.br\/index.php?rest_route=%2Fwp%2Fv2%2Fmedia&parent=5214"}],"wp:term":[{"taxonomy":"category","embeddable":true,"href":"https:\/\/vagas.portalemprego.com.br\/index.php?rest_route=%2Fwp%2Fv2%2Fcategories&post=5214"},{"taxonomy":"post_tag","embeddable":true,"href":"https:\/\/vagas.portalemprego.com.br\/index.php?rest_route=%2Fwp%2Fv2%2Ftags&post=5214"}],"curies":[{"name":"wp","href":"https:\/\/api.w.org\/{rel}","templated":true}]}}