{"id":5215,"date":"2026-04-29T06:26:26","date_gmt":"2026-04-29T09:26:26","guid":{"rendered":"https:\/\/vagas.portalemprego.com.br\/?p=5215"},"modified":"2026-04-29T06:26:26","modified_gmt":"2026-04-29T09:26:26","slug":"analista-de-contabilidade-contabil-financas-economia-rio-de-janeiro","status":"publish","type":"post","link":"https:\/\/vagas.portalemprego.com.br\/?p=5215","title":{"rendered":"Analista de Contabilidade &#8211; Cont\u00e1bil, Finan\u00e7as, Economia &#8211; Rio de Janeiro"},"content":{"rendered":"<p>Estamos em busca de um(a) Analista Cont\u00e1bil que queira desenvolver sua carreira em um ambiente inovador, colaborativo e em constante evolu\u00e7\u00e3o.<br \/>\nO que voc\u00ea vai fazer no dia a dia:<br \/>\n-Realizar lan\u00e7amentos cont\u00e1beis, fechamento de balancetes e apura\u00e7\u00e3o de DRE.<br \/>\n-Atuar no encerramento do exerc\u00edcio e elabora\u00e7\u00e3o de Balan\u00e7o Patrimonial.<br \/>\n-Fazer apura\u00e7\u00e3o de IRPJ e CSLL de empresas do Lucro Real.<br \/>\n-Confeccionar declara\u00e7\u00f5es acess\u00f3rias (ECF, ECD, DEFIS, DIRF, REINF e outras).<br \/>\nO que esperamos de voc\u00ea:<br \/>\n-Gradua\u00e7\u00e3o em Ci\u00eancias Cont\u00e1beis conclu\u00edda.<br \/>\n-Experi\u00eancia em escrit\u00f3rio de contabilidade.<br \/>\n-Desej\u00e1vel viv\u00eancia com os sistemas Alterdata e Nibo.<br \/>\n-Organiza\u00e7\u00e3o, aten\u00e7\u00e3o aos detalhes e vontade de crescer junto com a equipe.<br \/>\nPerfil que se conecta com a gente:<br \/>\n-Boa comunica\u00e7\u00e3o e habilidades interpessoais.<br \/>\n-Trabalho em equipe e colabora\u00e7\u00e3o.<br \/>\n-Gest\u00e3o do tempo e capacidade de lidar com m\u00faltiplas demandas.<br \/>\n-Adaptabilidade, pensamento cr\u00edtico e iniciativa.<br \/>\n-Intelig\u00eancia emocional e receptividade a feedbacks.<br \/>\nResidir na regi\u00e3o de Jacarepagu\u00e1.<br \/>\nO que oferecemos:<br \/>\n-Um ambiente que valoriza sua expertise e potencial de crescimento.<br \/>\n-Atua\u00e7\u00e3o em uma consultoria especializada no varejo farmac\u00eautico, com foco em solu\u00e7\u00f5es inteligentes para aumentar a lucratividade dos clientes.<br \/>\n-Estrutura moderna, apoio tecnol\u00f3gico e ferramentas que otimizam seu trabalho.<br \/>\nSe voc\u00ea busca desafios, aprendizado e crescimento profissional em contabilidade aplicada ao varejo, candidate-se agora e venha fazer parte do nosso time !<br \/>\nSal\u00e1rio: R$ 3.430,00 a R$ 4.405,00<br \/>\nBenef\u00edcios:<br \/>\nVT<br \/>\nVA = R$ 27,50\/dia<br \/>\nPlano de sa\u00fade Amil (com coparticipa\u00e7\u00e3o ap\u00f3s experi\u00eancia)<br \/>\nPlano odontol\u00f3gico<br \/>\nPLR Trimestral<br \/>\nSeguro de vida em grupo<br \/>\nPlano de cargos e sal\u00e1rios<br \/>\nSegunda a sexta feira de 08:30 \u00e0s 18:00h com\u00a01:00h\u00a0de\u00a0almo\u00e7o e 15min de lanche a tarde<\/p>\n<ul>\n<li>Local de trabalho: Rio de Janeiro, RJ<\/li>\n<li>Regime de contrata\u00e7\u00e3o de tipo: Efetivo \u2013 CLT<\/li>\n<li>Jornada: Per\u00edodo Integral<\/li>\n<li>\u00c1rea e especializa\u00e7\u00e3o profissional: Cont\u00e1bil, Finan\u00e7as, Economia &#8211; Contabilidade<\/li>\n<li>N\u00edvel hier\u00e1rquico: Analista<\/li>\n<\/ul>\n<p>VALORIZADO<\/p>\n<p>Tempo de experi\u00eancia: Entre 1 e 3 anos<\/p>\n<p>HABILIDADES<\/p>\n<ul>\n<li>comunica\u00e7\u00e3o<\/li>\n<li>Pensamento cr\u00edtico<\/li>\n<li>Pensamento anal\u00edtico<\/li>\n<li>resili\u00eancia<\/li>\n<\/ul>\n<p>Escolaridade M\u00ednima: Ensino Superior<\/p>\n<p>Forma\u00e7\u00e3o desejada:<\/p>\n<ul>\n<li>Ci\u00eancias cont\u00e1beis, Ensino Superior<\/li>\n<\/ul>\n<p>Sal\u00e1rio: 4405,0<\/p>\n","protected":false},"excerpt":{"rendered":"<p>Estamos em busca de um(a) Analista Cont\u00e1bil que queira desenvolver sua carreira em um ambiente inovador, colaborativo e em constante evolu\u00e7\u00e3o. O que voc\u00ea vai fazer no dia a dia: -Realizar lan\u00e7amentos cont\u00e1beis, fechamento de balancetes e apura\u00e7\u00e3o de DRE. -Atuar no encerramento do exerc\u00edcio e elabora\u00e7\u00e3o de Balan\u00e7o Patrimonial. -Fazer apura\u00e7\u00e3o de IRPJ e [&hellip;]<\/p>\n","protected":false},"author":1,"featured_media":0,"comment_status":"open","ping_status":"open","sticky":false,"template":"","format":"standard","meta":{"footnotes":""},"categories":[21],"tags":[],"class_list":["post-5215","post","type-post","status-publish","format-standard","hentry","category-rio-de-janeiro-rj"],"_links":{"self":[{"href":"https:\/\/vagas.portalemprego.com.br\/index.php?rest_route=\/wp\/v2\/posts\/5215","targetHints":{"allow":["GET"]}}],"collection":[{"href":"https:\/\/vagas.portalemprego.com.br\/index.php?rest_route=\/wp\/v2\/posts"}],"about":[{"href":"https:\/\/vagas.portalemprego.com.br\/index.php?rest_route=\/wp\/v2\/types\/post"}],"author":[{"embeddable":true,"href":"https:\/\/vagas.portalemprego.com.br\/index.php?rest_route=\/wp\/v2\/users\/1"}],"replies":[{"embeddable":true,"href":"https:\/\/vagas.portalemprego.com.br\/index.php?rest_route=%2Fwp%2Fv2%2Fcomments&post=5215"}],"version-history":[{"count":0,"href":"https:\/\/vagas.portalemprego.com.br\/index.php?rest_route=\/wp\/v2\/posts\/5215\/revisions"}],"wp:attachment":[{"href":"https:\/\/vagas.portalemprego.com.br\/index.php?rest_route=%2Fwp%2Fv2%2Fmedia&parent=5215"}],"wp:term":[{"taxonomy":"category","embeddable":true,"href":"https:\/\/vagas.portalemprego.com.br\/index.php?rest_route=%2Fwp%2Fv2%2Fcategories&post=5215"},{"taxonomy":"post_tag","embeddable":true,"href":"https:\/\/vagas.portalemprego.com.br\/index.php?rest_route=%2Fwp%2Fv2%2Ftags&post=5215"}],"curies":[{"name":"wp","href":"https:\/\/api.w.org\/{rel}","templated":true}]}}