{"id":5216,"date":"2026-04-29T06:26:26","date_gmt":"2026-04-29T09:26:26","guid":{"rendered":"https:\/\/vagas.portalemprego.com.br\/?p=5216"},"modified":"2026-04-29T06:26:26","modified_gmt":"2026-04-29T09:26:26","slug":"auxiliar-logistico-pcd-administracao-belford-roxo","status":"publish","type":"post","link":"https:\/\/vagas.portalemprego.com.br\/?p=5216","title":{"rendered":"Auxiliar Log\u00edstico (PCD) &#8211; Administra\u00e7\u00e3o &#8211; Belford Roxo"},"content":{"rendered":"<p>Atividades:<br \/>\nCompra de produtos farmac\u00eauticos<br \/>\nRecebimento de produtos<br \/>\nConfer\u00eancia<br \/>\nOrganiza\u00e7\u00e3o do Centro de Distribui\u00e7\u00e3o (CD)<br \/>\nOrganiza\u00e7\u00e3o de estoque<br \/>\nSepara\u00e7\u00e3o de mercadorias<br \/>\nExpedi\u00e7\u00e3o<\/p>\n<p>Hor\u00e1rio de trabalho: 13:00 \u00e0s 23:00.<\/p>\n<ul>\n<li>Local de trabalho: Belford Roxo, RJ<\/li>\n<li>Regime de contrata\u00e7\u00e3o de tipo: Efetivo \u2013 CLT<\/li>\n<li>Jornada: Per\u00edodo Integral<\/li>\n<li>\u00c1rea e especializa\u00e7\u00e3o profissional: Administra\u00e7\u00e3o &#8211; Administra\u00e7\u00e3o Geral<\/li>\n<li>N\u00edvel hier\u00e1rquico: Auxiliar<\/li>\n<\/ul>\n<p>Escolaridade M\u00ednima: Ensino Superior<\/p>\n<ul>\n<li>Vale-refei\u00e7\u00e3o<\/li>\n<li>Vale-transporte<\/li>\n<\/ul>\n<p>Sal\u00e1rio: 1800,0<\/p>\n","protected":false},"excerpt":{"rendered":"<p>Atividades: Compra de produtos farmac\u00eauticos Recebimento de produtos Confer\u00eancia Organiza\u00e7\u00e3o do Centro de Distribui\u00e7\u00e3o (CD) Organiza\u00e7\u00e3o de estoque Separa\u00e7\u00e3o de mercadorias Expedi\u00e7\u00e3o Hor\u00e1rio de trabalho: 13:00 \u00e0s 23:00. Local de trabalho: Belford Roxo, RJ Regime de contrata\u00e7\u00e3o de tipo: Efetivo \u2013 CLT Jornada: Per\u00edodo Integral \u00c1rea e especializa\u00e7\u00e3o profissional: Administra\u00e7\u00e3o &#8211; Administra\u00e7\u00e3o Geral N\u00edvel hier\u00e1rquico: [&hellip;]<\/p>\n","protected":false},"author":1,"featured_media":0,"comment_status":"open","ping_status":"open","sticky":false,"template":"","format":"standard","meta":{"footnotes":""},"categories":[21],"tags":[],"class_list":["post-5216","post","type-post","status-publish","format-standard","hentry","category-rio-de-janeiro-rj"],"_links":{"self":[{"href":"https:\/\/vagas.portalemprego.com.br\/index.php?rest_route=\/wp\/v2\/posts\/5216","targetHints":{"allow":["GET"]}}],"collection":[{"href":"https:\/\/vagas.portalemprego.com.br\/index.php?rest_route=\/wp\/v2\/posts"}],"about":[{"href":"https:\/\/vagas.portalemprego.com.br\/index.php?rest_route=\/wp\/v2\/types\/post"}],"author":[{"embeddable":true,"href":"https:\/\/vagas.portalemprego.com.br\/index.php?rest_route=\/wp\/v2\/users\/1"}],"replies":[{"embeddable":true,"href":"https:\/\/vagas.portalemprego.com.br\/index.php?rest_route=%2Fwp%2Fv2%2Fcomments&post=5216"}],"version-history":[{"count":0,"href":"https:\/\/vagas.portalemprego.com.br\/index.php?rest_route=\/wp\/v2\/posts\/5216\/revisions"}],"wp:attachment":[{"href":"https:\/\/vagas.portalemprego.com.br\/index.php?rest_route=%2Fwp%2Fv2%2Fmedia&parent=5216"}],"wp:term":[{"taxonomy":"category","embeddable":true,"href":"https:\/\/vagas.portalemprego.com.br\/index.php?rest_route=%2Fwp%2Fv2%2Fcategories&post=5216"},{"taxonomy":"post_tag","embeddable":true,"href":"https:\/\/vagas.portalemprego.com.br\/index.php?rest_route=%2Fwp%2Fv2%2Ftags&post=5216"}],"curies":[{"name":"wp","href":"https:\/\/api.w.org\/{rel}","templated":true}]}}