{"id":5217,"date":"2026-04-29T06:26:26","date_gmt":"2026-04-29T09:26:26","guid":{"rendered":"https:\/\/vagas.portalemprego.com.br\/?p=5217"},"modified":"2026-04-29T06:26:26","modified_gmt":"2026-04-29T09:26:26","slug":"assistente-administrativo-administracao-volta-redonda","status":"publish","type":"post","link":"https:\/\/vagas.portalemprego.com.br\/?p=5217","title":{"rendered":"Assistente Administrativo &#8211; Administra\u00e7\u00e3o &#8211; Volta Redonda"},"content":{"rendered":"<p>Vaga: Assistente Administrativo &amp; Comercial<br \/>\n Local: Volta Redonda \u2013 RJ<br \/>\nModelo: PJ<br \/>\n Remunera\u00e7\u00e3o: R$ 2.000 + Aux\u00edlio Transporte + Comiss\u00e3o por resultados<br \/>\n Hor\u00e1rio: 9h \u00e0s 18h<br \/>\nSobre a vaga:<br \/>\nBuscamos um(a) profissional com perfil vendedor, comunicativo(a) e orientado(a) a resultados, para atuar no atendimento ao cliente e suporte ao processo comercial.<br \/>\nAtividades:<br \/>\n\t\tAtendimento ao cliente (presencial, WhatsApp e telefone) com foco em convers\u00e3o;<br \/>\n\t\tQualifica\u00e7\u00e3o de leads e identifica\u00e7\u00e3o de oportunidades comerciais;<br \/>\n\t\tAcompanhamento ativo da jornada do cliente (follow-up);<br \/>\n\t\tSuporte ao setor comercial em demandas operacionais;<br \/>\n\t\tApoio na gest\u00e3o b\u00e1sica das redes sociais.<br \/>\nRequisitos:<br \/>\n\t\tPerfil vendedor e excelente comunica\u00e7\u00e3o;<br \/>\n\t\tProatividade, desenvoltura e habilidade de persuas\u00e3o;<br \/>\n\t\tFamiliaridade com redes sociais e atendimento digital;<br \/>\n\t\tDisponibilidade para atuar presencialmente em Volta Redonda \u2013 RJ.<\/p>\n<p>O que oferecemos:<br \/>\n\t\tTreinamento e desenvolvimento na \u00e1rea comercial;<br \/>\n\t    Oportunidade real de crescimento e plano de carreira;<br \/>\n\t\tAmbiente colaborativo e orientado a resultados;<br \/>\n\t    Remunera\u00e7\u00e3o fixa + comiss\u00f5es por performance.<br \/>\nDiferencial:<br \/>\n   Ser da \u00e1rea de Pinheiral e Barra Mansa<\/p>\n<ul>\n<li>Local de trabalho: Volta Redonda, RJ<\/li>\n<li>Regime de contrata\u00e7\u00e3o de tipo: Prestador de Servi\u00e7os (PJ)<\/li>\n<li>Jornada: Per\u00edodo Integral<\/li>\n<li>\u00c1rea e especializa\u00e7\u00e3o profissional: Administra\u00e7\u00e3o &#8211; Administra\u00e7\u00e3o Geral<\/li>\n<li>N\u00edvel hier\u00e1rquico: Assistente<\/li>\n<\/ul>\n<p>VALORIZADO<\/p>\n<p>Tempo de experi\u00eancia: Entre 1 e 3 anos<\/p>\n<p>Escolaridade M\u00ednima: Ensino M\u00e9dio (2\u00ba Grau)<\/p>\n<p>Sal\u00e1rio: 4000,0<\/p>\n","protected":false},"excerpt":{"rendered":"<p>Vaga: Assistente Administrativo &amp; Comercial Local: Volta Redonda \u2013 RJ Modelo: PJ Remunera\u00e7\u00e3o: R$ 2.000 + Aux\u00edlio Transporte + Comiss\u00e3o por resultados Hor\u00e1rio: 9h \u00e0s 18h Sobre a vaga: Buscamos um(a) profissional com perfil vendedor, comunicativo(a) e orientado(a) a resultados, para atuar no atendimento ao cliente e suporte ao processo comercial. Atividades: Atendimento ao cliente [&hellip;]<\/p>\n","protected":false},"author":1,"featured_media":0,"comment_status":"open","ping_status":"open","sticky":false,"template":"","format":"standard","meta":{"footnotes":""},"categories":[21],"tags":[],"class_list":["post-5217","post","type-post","status-publish","format-standard","hentry","category-rio-de-janeiro-rj"],"_links":{"self":[{"href":"https:\/\/vagas.portalemprego.com.br\/index.php?rest_route=\/wp\/v2\/posts\/5217","targetHints":{"allow":["GET"]}}],"collection":[{"href":"https:\/\/vagas.portalemprego.com.br\/index.php?rest_route=\/wp\/v2\/posts"}],"about":[{"href":"https:\/\/vagas.portalemprego.com.br\/index.php?rest_route=\/wp\/v2\/types\/post"}],"author":[{"embeddable":true,"href":"https:\/\/vagas.portalemprego.com.br\/index.php?rest_route=\/wp\/v2\/users\/1"}],"replies":[{"embeddable":true,"href":"https:\/\/vagas.portalemprego.com.br\/index.php?rest_route=%2Fwp%2Fv2%2Fcomments&post=5217"}],"version-history":[{"count":0,"href":"https:\/\/vagas.portalemprego.com.br\/index.php?rest_route=\/wp\/v2\/posts\/5217\/revisions"}],"wp:attachment":[{"href":"https:\/\/vagas.portalemprego.com.br\/index.php?rest_route=%2Fwp%2Fv2%2Fmedia&parent=5217"}],"wp:term":[{"taxonomy":"category","embeddable":true,"href":"https:\/\/vagas.portalemprego.com.br\/index.php?rest_route=%2Fwp%2Fv2%2Fcategories&post=5217"},{"taxonomy":"post_tag","embeddable":true,"href":"https:\/\/vagas.portalemprego.com.br\/index.php?rest_route=%2Fwp%2Fv2%2Ftags&post=5217"}],"curies":[{"name":"wp","href":"https:\/\/api.w.org\/{rel}","templated":true}]}}