{"id":522,"date":"2026-04-29T06:33:33","date_gmt":"2026-04-29T09:33:33","guid":{"rendered":"https:\/\/vagas.portalemprego.com.br\/?p=522"},"modified":"2026-04-29T06:33:33","modified_gmt":"2026-04-29T09:33:33","slug":"recepcionista-corporativa-barra-da-tijuca-rj-administracao-rio-de-janeiro","status":"publish","type":"post","link":"https:\/\/vagas.portalemprego.com.br\/?p=522","title":{"rendered":"Recepcionista Corporativa \u2013 Barra da Tijuca (RJ) &#8211; Administra\u00e7\u00e3o &#8211; Rio de Janeiro"},"content":{"rendered":"<p>VAGA: RECEPCIONISTA CORPORATIVA \u2013 BARRA DA TIJUCA (RJ)<br \/>\nQuer fazer parte de um ambiente corporativo e atuar diretamente no atendimento ao p\u00fablico? Estamos em busca de profissionais com boa comunica\u00e7\u00e3o, postura e foco em excel\u00eancia no atendimento.<br \/>\nMISS\u00c3O DO CARGO<br \/>\n Ser o primeiro ponto de contato da empresa, garantindo um atendimento cordial, organizado e eficiente, proporcionando uma experi\u00eancia positiva para visitantes, clientes e colaboradores.<br \/>\nPRINCIPAIS ATIVIDADES<br \/>\nRecepcionar visitantes, clientes e colaboradores com cordialidade<br \/>\nControlar acesso (entrada e sa\u00edda de pessoas)<br \/>\nAtendimento telef\u00f4nico e direcionamento de chamadas<br \/>\nRealizar cadastros e registros em sistema<br \/>\nOrganizar e manter o ambiente da recep\u00e7\u00e3o<br \/>\nApoiar rotinas administrativas b\u00e1sicas<br \/>\nPrestar informa\u00e7\u00f5es e direcionar visitantes de forma clara e profissional<br \/>\nGarantir padr\u00e3o de atendimento e postura adequada<br \/>\nREQUISITOS<br \/>\nEnsino m\u00e9dio completo<br \/>\nExperi\u00eancia com atendimento ao p\u00fablico (diferencial em recep\u00e7\u00e3o)<br \/>\nBoa comunica\u00e7\u00e3o verbal e postura profissional<br \/>\nConhecimento b\u00e1sico de inform\u00e1tica<br \/>\nF\u00e1cil acesso \u00e0 Barra da Tijuca (RJ)<br \/>\nDisponibilidade para atuar em escala e turnos<br \/>\nCOMPET\u00caNCIAS COMPORTAMENTAIS<br \/>\nComunica\u00e7\u00e3o clara e educada<br \/>\nSimpatia e cordialidade<br \/>\nPostura profissional<br \/>\nOrganiza\u00e7\u00e3o e aten\u00e7\u00e3o aos detalhes<br \/>\nProatividade<br \/>\nDiscri\u00e7\u00e3o e responsabilidade<br \/>\nREMUNERA\u00c7\u00c3O E BENEF\u00cdCIOS<br \/>\nSal\u00e1rio: R$ 1.837,87<br \/>\nVale-refei\u00e7\u00e3o: R$ 25,00 por dia<br \/>\nVale-transporte: m\u00e9dia de R$ 250,00\/m\u00eas<br \/>\n  Prioridade para candidatas com custo de deslocamento de at\u00e9 R$ 10,00 por dia<br \/>\nINFORMA\u00c7\u00d5ES IMPORTANTES<br \/>\nN\u00e3o h\u00e1 pagamento de pr\u00eamio de assiduidade neste momento<br \/>\nN\u00e3o ser\u00e1 fornecido celular ou plano de dados<br \/>\nParticipa\u00e7\u00e3o em treinamento de postura e atendimento<br \/>\nIn\u00edcio previsto: Maio\/2026<br \/>\n Buscamos profissionais com excelente postura, boa apresenta\u00e7\u00e3o e foco em atendimento de qualidade. Se voc\u00ea se identifica, venha fazer parte do nosso time!<\/p>\n<ul>\n<li>Local de trabalho: Rio de Janeiro, RJ<\/li>\n<li>Regime de contrata\u00e7\u00e3o de tipo: Efetivo \u2013 CLT<\/li>\n<li>Jornada: Per\u00edodo Integral<\/li>\n<li>\u00c1rea e especializa\u00e7\u00e3o profissional: Administra\u00e7\u00e3o &#8211; Recep\u00e7\u00e3o<\/li>\n<li>N\u00edvel hier\u00e1rquico: Operacional<\/li>\n<\/ul>\n<p>VALORIZADO<\/p>\n<p>Tempo de experi\u00eancia: Entre 1 e 3 anos<\/p>\n<p>Escolaridade M\u00ednima: Ensino M\u00e9dio (2\u00ba Grau)<\/p>\n<p>Sal\u00e1rio: 1837,0<\/p>\n","protected":false},"excerpt":{"rendered":"<p>VAGA: RECEPCIONISTA CORPORATIVA \u2013 BARRA DA TIJUCA (RJ) Quer fazer parte de um ambiente corporativo e atuar diretamente no atendimento ao p\u00fablico? Estamos em busca de profissionais com boa comunica\u00e7\u00e3o, postura e foco em excel\u00eancia no atendimento. MISS\u00c3O DO CARGO Ser o primeiro ponto de contato da empresa, garantindo um atendimento cordial, organizado e eficiente, [&hellip;]<\/p>\n","protected":false},"author":1,"featured_media":0,"comment_status":"open","ping_status":"open","sticky":false,"template":"","format":"standard","meta":{"footnotes":""},"categories":[21],"tags":[],"class_list":["post-522","post","type-post","status-publish","format-standard","hentry","category-rio-de-janeiro-rj"],"_links":{"self":[{"href":"https:\/\/vagas.portalemprego.com.br\/index.php?rest_route=\/wp\/v2\/posts\/522","targetHints":{"allow":["GET"]}}],"collection":[{"href":"https:\/\/vagas.portalemprego.com.br\/index.php?rest_route=\/wp\/v2\/posts"}],"about":[{"href":"https:\/\/vagas.portalemprego.com.br\/index.php?rest_route=\/wp\/v2\/types\/post"}],"author":[{"embeddable":true,"href":"https:\/\/vagas.portalemprego.com.br\/index.php?rest_route=\/wp\/v2\/users\/1"}],"replies":[{"embeddable":true,"href":"https:\/\/vagas.portalemprego.com.br\/index.php?rest_route=%2Fwp%2Fv2%2Fcomments&post=522"}],"version-history":[{"count":0,"href":"https:\/\/vagas.portalemprego.com.br\/index.php?rest_route=\/wp\/v2\/posts\/522\/revisions"}],"wp:attachment":[{"href":"https:\/\/vagas.portalemprego.com.br\/index.php?rest_route=%2Fwp%2Fv2%2Fmedia&parent=522"}],"wp:term":[{"taxonomy":"category","embeddable":true,"href":"https:\/\/vagas.portalemprego.com.br\/index.php?rest_route=%2Fwp%2Fv2%2Fcategories&post=522"},{"taxonomy":"post_tag","embeddable":true,"href":"https:\/\/vagas.portalemprego.com.br\/index.php?rest_route=%2Fwp%2Fv2%2Ftags&post=522"}],"curies":[{"name":"wp","href":"https:\/\/api.w.org\/{rel}","templated":true}]}}