{"id":5220,"date":"2026-04-29T06:26:26","date_gmt":"2026-04-29T09:26:26","guid":{"rendered":"https:\/\/vagas.portalemprego.com.br\/?p=5220"},"modified":"2026-04-29T06:26:26","modified_gmt":"2026-04-29T09:26:26","slug":"auxiliar-de-servicos-gerais-servicos-gerais-rio-de-janeiro-71","status":"publish","type":"post","link":"https:\/\/vagas.portalemprego.com.br\/?p=5220","title":{"rendered":"Auxiliar de Servi\u00e7os Gerais &#8211; Servi\u00e7os Gerais &#8211; Rio de Janeiro"},"content":{"rendered":"<p>Estamos em busca de um Auxiliar de Servi\u00e7os Gerais para se juntar ao nosso time.Este \u00e9 um papel fundamental para garantir que nosso ambiente de trabalho permane\u00e7a limpo, organizado e funcional.O candidato certo ser\u00e1 respons\u00e1vel por uma variedade de tarefas que incluem limpeza geral, manuten\u00e7\u00e3o de \u00e1reas comuns, organiza\u00e7\u00e3o de espa\u00e7os de trabalho e apoio em atividades administrativas quando necess\u00e1rio.<br \/>\nVoc\u00ea ser\u00e1 a pessoa que garantir\u00e1 que todos os espa\u00e7os estejam sempre prontos para receber clientes e colaboradores de forma agrad\u00e1vel e eficiente.A posi\u00e7\u00e3o exige aten\u00e7\u00e3o aos detalhes, comprometimento com a higiene e um forte senso de responsabilidade.<br \/>\nExperi\u00eancia pr\u00e9via em limpeza ou servi\u00e7os gerais \u00e9 um diferencial, mas n\u00e3o \u00e9 um requisito obrigat\u00f3rio.Se voc\u00ea tem uma abordagem meticulosa e gosta de manter ambientes organizados, esta pode ser uma oportunidade perfeita para voc\u00ea.<br \/>\nAl\u00e9m de um sal\u00e1rio competitivo, oferecemos benef\u00edcios que incluem assist\u00eancia m\u00e9dica e participa\u00e7\u00e3o em programas de desenvolvimento profissional.O trabalho \u00e9 em turnos fixos, com hor\u00e1rios que se adequam ao fluxo di\u00e1rio das opera\u00e7\u00f5es.<br \/>\nSe voc\u00ea est\u00e1 procurando um papel que combine responsabilidade e contribui\u00e7\u00e3o para uma equipe din\u00e2mica, esta \u00e9 a chance ideal.Junte-se a n\u00f3s e fa\u00e7a a diferen\u00e7a em como mantemos nosso espa\u00e7o de trabalho.<br \/>\nAplicar para esta posi\u00e7\u00e3o \u00e9 simples e direto.Basta enviar seu curr\u00edculo e uma breve carta de apresenta\u00e7\u00e3o para se juntar ao nosso esfor\u00e7o conjunto para manter um ambiente de trabalho impec\u00e1vel.<\/p>\n<ul>\n<li>Local de trabalho: Rio de Janeiro, RJ<\/li>\n<li>Regime de contrata\u00e7\u00e3o de tipo: Efetivo \u2013 CLT<\/li>\n<li>Jornada: Per\u00edodo Integral<\/li>\n<li>\u00c1rea e especializa\u00e7\u00e3o profissional: Servi\u00e7os Gerais &#8211; Limpeza<\/li>\n<li>N\u00edvel hier\u00e1rquico: Auxiliar<\/li>\n<\/ul>\n<p>Escolaridade M\u00ednima: Ensino Fundamental (1\u00ba grau)<\/p>\n<p>Sal\u00e1rio: 2300,0<\/p>\n","protected":false},"excerpt":{"rendered":"<p>Estamos em busca de um Auxiliar de Servi\u00e7os Gerais para se juntar ao nosso time.Este \u00e9 um papel fundamental para garantir que nosso ambiente de trabalho permane\u00e7a limpo, organizado e funcional.O candidato certo ser\u00e1 respons\u00e1vel por uma variedade de tarefas que incluem limpeza geral, manuten\u00e7\u00e3o de \u00e1reas comuns, organiza\u00e7\u00e3o de espa\u00e7os de trabalho e apoio [&hellip;]<\/p>\n","protected":false},"author":1,"featured_media":0,"comment_status":"open","ping_status":"open","sticky":false,"template":"","format":"standard","meta":{"footnotes":""},"categories":[21],"tags":[],"class_list":["post-5220","post","type-post","status-publish","format-standard","hentry","category-rio-de-janeiro-rj"],"_links":{"self":[{"href":"https:\/\/vagas.portalemprego.com.br\/index.php?rest_route=\/wp\/v2\/posts\/5220","targetHints":{"allow":["GET"]}}],"collection":[{"href":"https:\/\/vagas.portalemprego.com.br\/index.php?rest_route=\/wp\/v2\/posts"}],"about":[{"href":"https:\/\/vagas.portalemprego.com.br\/index.php?rest_route=\/wp\/v2\/types\/post"}],"author":[{"embeddable":true,"href":"https:\/\/vagas.portalemprego.com.br\/index.php?rest_route=\/wp\/v2\/users\/1"}],"replies":[{"embeddable":true,"href":"https:\/\/vagas.portalemprego.com.br\/index.php?rest_route=%2Fwp%2Fv2%2Fcomments&post=5220"}],"version-history":[{"count":0,"href":"https:\/\/vagas.portalemprego.com.br\/index.php?rest_route=\/wp\/v2\/posts\/5220\/revisions"}],"wp:attachment":[{"href":"https:\/\/vagas.portalemprego.com.br\/index.php?rest_route=%2Fwp%2Fv2%2Fmedia&parent=5220"}],"wp:term":[{"taxonomy":"category","embeddable":true,"href":"https:\/\/vagas.portalemprego.com.br\/index.php?rest_route=%2Fwp%2Fv2%2Fcategories&post=5220"},{"taxonomy":"post_tag","embeddable":true,"href":"https:\/\/vagas.portalemprego.com.br\/index.php?rest_route=%2Fwp%2Fv2%2Ftags&post=5220"}],"curies":[{"name":"wp","href":"https:\/\/api.w.org\/{rel}","templated":true}]}}