{"id":5221,"date":"2026-04-29T06:26:26","date_gmt":"2026-04-29T09:26:26","guid":{"rendered":"https:\/\/vagas.portalemprego.com.br\/?p=5221"},"modified":"2026-04-29T06:26:26","modified_gmt":"2026-04-29T09:26:26","slug":"atendente-alimentacao-gastronomia-rio-de-janeiro-7","status":"publish","type":"post","link":"https:\/\/vagas.portalemprego.com.br\/?p=5221","title":{"rendered":"Atendente &#8211; Alimenta\u00e7\u00e3o \/ Gastronomia &#8211; Rio de Janeiro"},"content":{"rendered":"<p>Estamos em busca de um Atendente para se juntar ao nosso time din\u00e2mico e acolhedor.Buscamos algu\u00e9m que goste de interagir com pessoas, que tenha uma boa comunica\u00e7\u00e3o e que esteja disposto a aprender e crescer em um ambiente de trabalho desafiador e agrad\u00e1vel.O candidato ideal ser\u00e1 respons\u00e1vel por atender os clientes de forma amig\u00e1vel, respondendo a suas d\u00favidas e auxiliando nas solicita\u00e7\u00f5es de forma eficiente.<br \/>\nVoc\u00ea ser\u00e1 a primeira pessoa que os clientes encontrar\u00e3o ao chegar \u00e0 nossa empresa, portanto, \u00e9 essencial que voc\u00ea tenha um sorriso pronto e uma atitude positiva.Suas principais responsabilidades incluir\u00e3o o atendimento telef\u00f4nico, o atendimento ao cliente presencial e o suporte ao cliente por e-mail.Al\u00e9m disso, voc\u00ea ser\u00e1 respons\u00e1vel por manter um registro preciso das intera\u00e7\u00f5es com os clientes e por garantir que todas as solicita\u00e7\u00f5es sejam atendidas de forma r\u00e1pida e satisfat\u00f3ria.<br \/>\nPara esta posi\u00e7\u00e3o, buscamos algu\u00e9m com experi\u00eancia em atendimento ao cliente, preferencialmente em um ambiente corporativo.\u00c9 importante que voc\u00ea tenha boas habilidades de comunica\u00e7\u00e3o, tanto verbal quanto escrita, e que demonstre uma atitude proativa e organizada.Se voc\u00ea \u00e9 uma pessoa que gosta de resolver problemas e que est\u00e1 sempre disposta a ajudar, esta oportunidade pode ser perfeita para voc\u00ea.<br \/>\nJunte-se a n\u00f3s e fa\u00e7a parte de uma equipe que valoriza o trabalho em equipe e o crescimento profissional.Oferecemos um ambiente de trabalho acolhedor e oportunidades de desenvolvimento cont\u00ednuo.Se voc\u00ea est\u00e1 procurando uma oportunidade para aplicar suas habilidades de atendimento ao cliente e crescer em um ambiente positivo, esta \u00e9 a chance perfeita para voc\u00ea.<\/p>\n<ul>\n<li>Local de trabalho: Rio de Janeiro, RJ<\/li>\n<li>Regime de contrata\u00e7\u00e3o de tipo: Efetivo \u2013 CLT<\/li>\n<li>Jornada: Per\u00edodo Integral<\/li>\n<li>\u00c1rea e especializa\u00e7\u00e3o profissional: Alimenta\u00e7\u00e3o \/ Gastronomia &#8211; Atendente \/ Recep\u00e7\u00e3o \/ Gar\u00e7om<\/li>\n<li>N\u00edvel hier\u00e1rquico: Operacional<\/li>\n<\/ul>\n<p>VALORIZADO<\/p>\n<p>Tempo de experi\u00eancia: Entre 1 e 3 anos<\/p>\n<p>Escolaridade M\u00ednima: Ensino M\u00e9dio (2\u00ba Grau)<\/p>\n<p>Sal\u00e1rio: 2800,0<\/p>\n","protected":false},"excerpt":{"rendered":"<p>Estamos em busca de um Atendente para se juntar ao nosso time din\u00e2mico e acolhedor.Buscamos algu\u00e9m que goste de interagir com pessoas, que tenha uma boa comunica\u00e7\u00e3o e que esteja disposto a aprender e crescer em um ambiente de trabalho desafiador e agrad\u00e1vel.O candidato ideal ser\u00e1 respons\u00e1vel por atender os clientes de forma amig\u00e1vel, respondendo [&hellip;]<\/p>\n","protected":false},"author":1,"featured_media":0,"comment_status":"open","ping_status":"open","sticky":false,"template":"","format":"standard","meta":{"footnotes":""},"categories":[21],"tags":[],"class_list":["post-5221","post","type-post","status-publish","format-standard","hentry","category-rio-de-janeiro-rj"],"_links":{"self":[{"href":"https:\/\/vagas.portalemprego.com.br\/index.php?rest_route=\/wp\/v2\/posts\/5221","targetHints":{"allow":["GET"]}}],"collection":[{"href":"https:\/\/vagas.portalemprego.com.br\/index.php?rest_route=\/wp\/v2\/posts"}],"about":[{"href":"https:\/\/vagas.portalemprego.com.br\/index.php?rest_route=\/wp\/v2\/types\/post"}],"author":[{"embeddable":true,"href":"https:\/\/vagas.portalemprego.com.br\/index.php?rest_route=\/wp\/v2\/users\/1"}],"replies":[{"embeddable":true,"href":"https:\/\/vagas.portalemprego.com.br\/index.php?rest_route=%2Fwp%2Fv2%2Fcomments&post=5221"}],"version-history":[{"count":0,"href":"https:\/\/vagas.portalemprego.com.br\/index.php?rest_route=\/wp\/v2\/posts\/5221\/revisions"}],"wp:attachment":[{"href":"https:\/\/vagas.portalemprego.com.br\/index.php?rest_route=%2Fwp%2Fv2%2Fmedia&parent=5221"}],"wp:term":[{"taxonomy":"category","embeddable":true,"href":"https:\/\/vagas.portalemprego.com.br\/index.php?rest_route=%2Fwp%2Fv2%2Fcategories&post=5221"},{"taxonomy":"post_tag","embeddable":true,"href":"https:\/\/vagas.portalemprego.com.br\/index.php?rest_route=%2Fwp%2Fv2%2Ftags&post=5221"}],"curies":[{"name":"wp","href":"https:\/\/api.w.org\/{rel}","templated":true}]}}