{"id":5326,"date":"2026-04-29T06:29:29","date_gmt":"2026-04-29T09:29:29","guid":{"rendered":"https:\/\/vagas.portalemprego.com.br\/?p=5326"},"modified":"2026-04-29T06:29:29","modified_gmt":"2026-04-29T09:29:29","slug":"auxiliar-de-logistica-sao-joao-da-barra-logistica-sao-joao-da-barra","status":"publish","type":"post","link":"https:\/\/vagas.portalemprego.com.br\/?p=5326","title":{"rendered":"Auxiliar de log\u00edstica &#8211; S\u00e3o Jo\u00e3o da Barra &#8211; Log\u00edstica &#8211; S\u00e3o Jo\u00e3o da Barra"},"content":{"rendered":"<p>Estamos em busca de um Auxiliar de Log\u00edstica para se juntar \u00e0 nossa equipe em S\u00e3o Jo\u00e3o da Barra.<br \/>\nComo Auxiliar de Log\u00edstica, voc\u00ea ser\u00e1 fundamental para garantir que todas as opera\u00e7\u00f5es de transporte e armazenagem funcionem de forma eficiente e sem interrup\u00e7\u00f5es.<\/p>\n<p>Sua responsabilidade principal ser\u00e1 auxiliar na organiza\u00e7\u00e3o e movimenta\u00e7\u00e3o de mercadorias, garantindo que os produtos cheguem aos locais certos no tempo certo.<br \/>\nVoc\u00ea trabalhar\u00e1 em estreita colabora\u00e7\u00e3o com o time de log\u00edstica para planejar e coordenar as atividades de transporte, bem como ajudar na manuten\u00e7\u00e3o e organiza\u00e7\u00e3o do armaz\u00e9m.<\/p>\n<p>Experi\u00eancia em log\u00edstica \u00e9 um diferencial, mas n\u00e3o \u00e9 necess\u00e1rio ter um hist\u00f3rico completo na \u00e1rea.<br \/>\nO que buscamos \u00e9 algu\u00e9m com uma mentalidade organizada, aten\u00e7\u00e3o aos detalhes e uma atitude proativa.<br \/>\nVoc\u00ea deve ser capaz de trabalhar em um ambiente din\u00e2mico e adaptar-se rapidamente \u00e0s mudan\u00e7as.<\/p>\n<p>Al\u00e9m disso, \u00e9 importante que voc\u00ea tenha boa comunica\u00e7\u00e3o e habilidades de trabalho em equipe, j\u00e1 que ir\u00e1 interagir com diversos departamentos e colaboradores.<br \/>\nO candidato ideal dever\u00e1 ter uma boa capacidade de resolu\u00e7\u00e3o de problemas e uma mentalidade orientada para resultados.<\/p>\n<p>Se voc\u00ea est\u00e1 procurando uma oportunidade para desenvolver suas habilidades em log\u00edstica e gosta de trabalhar em um ambiente desafiador e colaborativo, esta \u00e9 a chance perfeita para voc\u00ea.<br \/>\nJunte-se \u00e0 nossa equipe e contribua para o sucesso da nossa empresa!<\/p>\n<p>A oportunidade oferece um ambiente de trabalho acolhedor e um pacote de benef\u00edcios competitivo.<br \/>\nSe voc\u00ea se encaixa no perfil descrito, queremos conhecer mais sobre voc\u00ea.<\/p>\n<p>Endere\u00e7o: Fazenda Saco Dantas, s\/n &#8211; Porto do A\u00e7u, S\u00e3o Jo\u00e3o da\u00a0Barra\u00a0&#8211;\u00a0RJ<br \/>\nHor\u00e1rio: 07H30 \u00c0S 17H30<br \/>\nPagamento semanal<br \/>\nValor da di\u00e1ria: R$120,00.<\/p>\n<ul>\n<li>Local de trabalho: S\u00e3o Jo\u00e3o da Barra, RJ<\/li>\n<li>Regime de contrata\u00e7\u00e3o de tipo: Tempor\u00e1rio<\/li>\n<li>Jornada: Per\u00edodo Integral<\/li>\n<li>\u00c1rea e especializa\u00e7\u00e3o profissional: Log\u00edstica &#8211; Distribui\u00e7\u00e3o, Recebimento e Expedi\u00e7\u00e3o<\/li>\n<li>N\u00edvel hier\u00e1rquico: Operacional<\/li>\n<\/ul>\n<p>Escolaridade M\u00ednima: Ensino Fundamental (1\u00ba grau)<\/p>\n","protected":false},"excerpt":{"rendered":"<p>Estamos em busca de um Auxiliar de Log\u00edstica para se juntar \u00e0 nossa equipe em S\u00e3o Jo\u00e3o da Barra. Como Auxiliar de Log\u00edstica, voc\u00ea ser\u00e1 fundamental para garantir que todas as opera\u00e7\u00f5es de transporte e armazenagem funcionem de forma eficiente e sem interrup\u00e7\u00f5es. Sua responsabilidade principal ser\u00e1 auxiliar na organiza\u00e7\u00e3o e movimenta\u00e7\u00e3o de mercadorias, garantindo [&hellip;]<\/p>\n","protected":false},"author":1,"featured_media":0,"comment_status":"open","ping_status":"open","sticky":false,"template":"","format":"standard","meta":{"footnotes":""},"categories":[21],"tags":[],"class_list":["post-5326","post","type-post","status-publish","format-standard","hentry","category-rio-de-janeiro-rj"],"_links":{"self":[{"href":"https:\/\/vagas.portalemprego.com.br\/index.php?rest_route=\/wp\/v2\/posts\/5326","targetHints":{"allow":["GET"]}}],"collection":[{"href":"https:\/\/vagas.portalemprego.com.br\/index.php?rest_route=\/wp\/v2\/posts"}],"about":[{"href":"https:\/\/vagas.portalemprego.com.br\/index.php?rest_route=\/wp\/v2\/types\/post"}],"author":[{"embeddable":true,"href":"https:\/\/vagas.portalemprego.com.br\/index.php?rest_route=\/wp\/v2\/users\/1"}],"replies":[{"embeddable":true,"href":"https:\/\/vagas.portalemprego.com.br\/index.php?rest_route=%2Fwp%2Fv2%2Fcomments&post=5326"}],"version-history":[{"count":0,"href":"https:\/\/vagas.portalemprego.com.br\/index.php?rest_route=\/wp\/v2\/posts\/5326\/revisions"}],"wp:attachment":[{"href":"https:\/\/vagas.portalemprego.com.br\/index.php?rest_route=%2Fwp%2Fv2%2Fmedia&parent=5326"}],"wp:term":[{"taxonomy":"category","embeddable":true,"href":"https:\/\/vagas.portalemprego.com.br\/index.php?rest_route=%2Fwp%2Fv2%2Fcategories&post=5326"},{"taxonomy":"post_tag","embeddable":true,"href":"https:\/\/vagas.portalemprego.com.br\/index.php?rest_route=%2Fwp%2Fv2%2Ftags&post=5326"}],"curies":[{"name":"wp","href":"https:\/\/api.w.org\/{rel}","templated":true}]}}