{"id":5327,"date":"2026-04-29T06:29:29","date_gmt":"2026-04-29T09:29:29","guid":{"rendered":"https:\/\/vagas.portalemprego.com.br\/?p=5327"},"modified":"2026-04-29T06:29:29","modified_gmt":"2026-04-29T09:29:29","slug":"analista-de-sustentabilidade-senior-engenharia-rio-de-janeiro","status":"publish","type":"post","link":"https:\/\/vagas.portalemprego.com.br\/?p=5327","title":{"rendered":"Analista de Sustentabilidade S\u00eanior &#8211; Engenharia &#8211; Rio de Janeiro"},"content":{"rendered":"<p>Manuten\u00e7\u00e3o do Sistema de Gest\u00e3o ISO 14001;<br \/>\nGerenciamento dos Res\u00edduos S\u00f3lidos da F\u00e1brica e emiss\u00e3o dos Manifestos de Res\u00edduos;<br \/>\nMonitoramento dos aspectos ambientais significativos da MDOB;<br \/>\n Inspe\u00e7\u00f5es de conformidades das atividades em rela\u00e7\u00e3o aos Procedimentos;<br \/>\nApoiar na Implementa\u00e7\u00e3o da ISO 45001;<br \/>\n Responder auditorias de clientes e de Organismos de 3\u00aa parte;<br \/>\nPlanejamento e Implementa\u00e7\u00e3o de a\u00e7\u00f5es que estejam de acordo com os objetivos corporativos;<br \/>\n Revisar e Elaborar documenta\u00e7\u00f5es pertinentes para o sistema de gest\u00e3o;<br \/>\nDemais atividades de acordo com a solicita\u00e7\u00e3o do seu gestor imediato.<\/p>\n<ul>\n<li>Local de trabalho: Rio de Janeiro, RJ<\/li>\n<li>Regime de contrata\u00e7\u00e3o de tipo: Tempor\u00e1rio<\/li>\n<li>Jornada: Per\u00edodo Integral<\/li>\n<li>\u00c1rea e especializa\u00e7\u00e3o profissional: Engenharia &#8211; Engenharia Ambiental, Ecologia<\/li>\n<li>N\u00edvel hier\u00e1rquico: Especialista<\/li>\n<\/ul>\n<p>VALORIZADO<\/p>\n<p>Tempo de experi\u00eancia: Entre 1 e 3 anos<\/p>\n<p>HABILIDADES<\/p>\n<ul>\n<li>Conhecimentos Espec\u00edficos: Sistema de Gest\u00e3o (ISO 9001, ISO 14001 e ISO 45001).<\/li>\n<li>Independ\u00eancia<\/li>\n<li>Organiza\u00e7\u00e3o<\/li>\n<li>Proatividade<\/li>\n<li>Comunica\u00e7\u00e3o<\/li>\n<li>Lideran\u00e7a<\/li>\n<li>Autonomia<\/li>\n<\/ul>\n<p>Escolaridade M\u00ednima: Ensino Superior<\/p>\n<p>Forma\u00e7\u00e3o desejada:<\/p>\n<ul>\n<li>Engenharia civil, Ensino Superior<\/li>\n<li>Engenharia ambiental, Ensino Superior<\/li>\n<li>Qu\u00edmica, Ensino Superior<\/li>\n<li>Biologia, Ensino Superior<\/li>\n<li>Seguran\u00e7a do trabalho, Curso T\u00e9cnico<\/li>\n<\/ul>\n<p>Idiomas:<\/p>\n<ul>\n<li>Espanhol (Avan\u00e7ado)<\/li>\n<li>Ingl\u00eas (Avan\u00e7ado)<\/li>\n<\/ul>\n<ul>\n<li>Plano de Sa\u00fade<\/li>\n<li>vale transporte<\/li>\n<li>vale alimenta\u00e7\u00e3o\/vale refei\u00e7\u00e3ode R$ 980,00\/m\u00eas<\/li>\n<\/ul>\n","protected":false},"excerpt":{"rendered":"<p>Manuten\u00e7\u00e3o do Sistema de Gest\u00e3o ISO 14001; Gerenciamento dos Res\u00edduos S\u00f3lidos da F\u00e1brica e emiss\u00e3o dos Manifestos de Res\u00edduos; Monitoramento dos aspectos ambientais significativos da MDOB; Inspe\u00e7\u00f5es de conformidades das atividades em rela\u00e7\u00e3o aos Procedimentos; Apoiar na Implementa\u00e7\u00e3o da ISO 45001; Responder auditorias de clientes e de Organismos de 3\u00aa parte; Planejamento e Implementa\u00e7\u00e3o de [&hellip;]<\/p>\n","protected":false},"author":1,"featured_media":0,"comment_status":"open","ping_status":"open","sticky":false,"template":"","format":"standard","meta":{"footnotes":""},"categories":[21],"tags":[],"class_list":["post-5327","post","type-post","status-publish","format-standard","hentry","category-rio-de-janeiro-rj"],"_links":{"self":[{"href":"https:\/\/vagas.portalemprego.com.br\/index.php?rest_route=\/wp\/v2\/posts\/5327","targetHints":{"allow":["GET"]}}],"collection":[{"href":"https:\/\/vagas.portalemprego.com.br\/index.php?rest_route=\/wp\/v2\/posts"}],"about":[{"href":"https:\/\/vagas.portalemprego.com.br\/index.php?rest_route=\/wp\/v2\/types\/post"}],"author":[{"embeddable":true,"href":"https:\/\/vagas.portalemprego.com.br\/index.php?rest_route=\/wp\/v2\/users\/1"}],"replies":[{"embeddable":true,"href":"https:\/\/vagas.portalemprego.com.br\/index.php?rest_route=%2Fwp%2Fv2%2Fcomments&post=5327"}],"version-history":[{"count":0,"href":"https:\/\/vagas.portalemprego.com.br\/index.php?rest_route=\/wp\/v2\/posts\/5327\/revisions"}],"wp:attachment":[{"href":"https:\/\/vagas.portalemprego.com.br\/index.php?rest_route=%2Fwp%2Fv2%2Fmedia&parent=5327"}],"wp:term":[{"taxonomy":"category","embeddable":true,"href":"https:\/\/vagas.portalemprego.com.br\/index.php?rest_route=%2Fwp%2Fv2%2Fcategories&post=5327"},{"taxonomy":"post_tag","embeddable":true,"href":"https:\/\/vagas.portalemprego.com.br\/index.php?rest_route=%2Fwp%2Fv2%2Ftags&post=5327"}],"curies":[{"name":"wp","href":"https:\/\/api.w.org\/{rel}","templated":true}]}}