{"id":5328,"date":"2026-04-29T06:29:29","date_gmt":"2026-04-29T09:29:29","guid":{"rendered":"https:\/\/vagas.portalemprego.com.br\/?p=5328"},"modified":"2026-04-29T06:29:29","modified_gmt":"2026-04-29T09:29:29","slug":"agente-de-telemarketing-ativo-telemarketing-rio-de-janeiro","status":"publish","type":"post","link":"https:\/\/vagas.portalemprego.com.br\/?p=5328","title":{"rendered":"Agente de Telemarketing Ativo &#8211; Telemarketing &#8211; Rio de Janeiro"},"content":{"rendered":"<p>Estamos\u00a0em\u00a0busca\u00a0de\u00a0um\u00a0Consultor\u00a0de\u00a0Vendas\u00a0Ativo\u00a0para\u00a0se\u00a0juntar\u00a0ao\u00a0nosso\u00a0time\u00a0din\u00e2mico\u00a0e\u00a0comprometido.<br \/>\nBuscamos\u00a0algu\u00e9m\u00a0que\u00a0tenha\u00a0uma\u00a0forte\u00a0habilidade\u00a0em\u00a0encantar\u00a0clientes,\u00a0sem\u00a0experi\u00eancia\u00a0comprovada\u00a0em\u00a0vendas\u00a0e\u00a0um\u00a0foco\u00a0em\u00a0resultados.<br \/>\nVoc\u00ea\u00a0ter\u00e1\u00a0a\u00a0oportunidade\u00a0de\u00a0desenvolver\u00a0suas\u00a0habilidades\u00a0de\u00a0comunica\u00e7\u00e3o\u00a0e\u00a0vendas,\u00a0al\u00e9m\u00a0de\u00a0receber\u00a0treinamento\u00a0cont\u00ednuo\u00a0para\u00a0aprimorar\u00a0suas\u00a0compet\u00eancias.<br \/>\nOs\u00a0hor\u00e1rios\u00a0de\u00a0trabalho\u00a0s\u00e3o\u00a0flex\u00edveis,\u00a0e\u00a0a\u00a0remunera\u00e7\u00e3o\u00a0\u00e9\u00a0competitiva,\u00a0incluindo\u00a0b\u00f4nus sobre\u00a0as\u00a0vendas\u00a0geradas.<br \/>\nSe\u00a0voc\u00ea\u00a0tem\u00a0uma\u00a0boa\u00a0voz,\u00a0\u00e9\u00a0capaz\u00a0de\u00a0trabalhar\u00a0em\u00a0um\u00a0ambiente\u00a0din\u00e2mico\u00a0e\u00a0est\u00e1\u00a0disposto\u00a0a\u00a0aprender\u00a0e\u00a0crescer,\u00a0esta\u00a0oportunidade\u00a0\u00e9\u00a0para\u00a0voc\u00ea.<br \/>\nJunte-se\u00a0a\u00a0n\u00f3s\u00a0e\u00a0contribua\u00a0para\u00a0o\u00a0nosso\u00a0crescimento\u00a0e\u00a0sucesso!<\/p>\n<ul>\n<li>N\u00famero de vagas: 30<\/li>\n<li>Local de trabalho: Rio de Janeiro, RJ<\/li>\n<li>Regime de contrata\u00e7\u00e3o de tipo: Efetivo \u2013 CLT<\/li>\n<li>Jornada: Per\u00edodo Integral<\/li>\n<li>\u00c1rea e especializa\u00e7\u00e3o profissional: Telemarketing &#8211; Telemarketing \/ Call Center Ativo<\/li>\n<li>N\u00edvel hier\u00e1rquico: Operacional<\/li>\n<\/ul>\n<p>VALORIZADO<\/p>\n<p>Tempo de experi\u00eancia: Sem experi\u00eancia<\/p>\n<p>Escolaridade M\u00ednima: Ensino M\u00e9dio (2\u00ba Grau)<\/p>\n<p>Idiomas:<\/p>\n<ul>\n<li>Portugu\u00eas (Nativo)<\/li>\n<\/ul>\n<ul>\n<li>Vale-refei\u00e7\u00e3o<\/li>\n<li>Vale-transporte<\/li>\n<li>Seguro de Vida<\/li>\n<li>TotalPass<\/li>\n<li>Plano de Sa\u00fade SulAmerica<\/li>\n<li>Plano Dental SulAmerica<\/li>\n<li>Conv\u00eanio F\u00e1rmacia<\/li>\n<li>Conv\u00eanio Faculdades<\/li>\n<li>Cesta b\u00e1sica<\/li>\n<li>Day off<\/li>\n<li>PLR e premia\u00e7\u00f5es<\/li>\n<li>Sesc<\/li>\n<li>Plano de Carreiras<\/li>\n<\/ul>\n<p>Sal\u00e1rio: 1518,0<\/p>\n","protected":false},"excerpt":{"rendered":"<p>Estamos\u00a0em\u00a0busca\u00a0de\u00a0um\u00a0Consultor\u00a0de\u00a0Vendas\u00a0Ativo\u00a0para\u00a0se\u00a0juntar\u00a0ao\u00a0nosso\u00a0time\u00a0din\u00e2mico\u00a0e\u00a0comprometido. Buscamos\u00a0algu\u00e9m\u00a0que\u00a0tenha\u00a0uma\u00a0forte\u00a0habilidade\u00a0em\u00a0encantar\u00a0clientes,\u00a0sem\u00a0experi\u00eancia\u00a0comprovada\u00a0em\u00a0vendas\u00a0e\u00a0um\u00a0foco\u00a0em\u00a0resultados. Voc\u00ea\u00a0ter\u00e1\u00a0a\u00a0oportunidade\u00a0de\u00a0desenvolver\u00a0suas\u00a0habilidades\u00a0de\u00a0comunica\u00e7\u00e3o\u00a0e\u00a0vendas,\u00a0al\u00e9m\u00a0de\u00a0receber\u00a0treinamento\u00a0cont\u00ednuo\u00a0para\u00a0aprimorar\u00a0suas\u00a0compet\u00eancias. Os\u00a0hor\u00e1rios\u00a0de\u00a0trabalho\u00a0s\u00e3o\u00a0flex\u00edveis,\u00a0e\u00a0a\u00a0remunera\u00e7\u00e3o\u00a0\u00e9\u00a0competitiva,\u00a0incluindo\u00a0b\u00f4nus sobre\u00a0as\u00a0vendas\u00a0geradas. Se\u00a0voc\u00ea\u00a0tem\u00a0uma\u00a0boa\u00a0voz,\u00a0\u00e9\u00a0capaz\u00a0de\u00a0trabalhar\u00a0em\u00a0um\u00a0ambiente\u00a0din\u00e2mico\u00a0e\u00a0est\u00e1\u00a0disposto\u00a0a\u00a0aprender\u00a0e\u00a0crescer,\u00a0esta\u00a0oportunidade\u00a0\u00e9\u00a0para\u00a0voc\u00ea. Junte-se\u00a0a\u00a0n\u00f3s\u00a0e\u00a0contribua\u00a0para\u00a0o\u00a0nosso\u00a0crescimento\u00a0e\u00a0sucesso! N\u00famero de vagas: 30 Local de trabalho: Rio de Janeiro, RJ Regime de contrata\u00e7\u00e3o de tipo: Efetivo \u2013 CLT Jornada: Per\u00edodo Integral \u00c1rea e especializa\u00e7\u00e3o profissional: Telemarketing &#8211; Telemarketing \/ Call Center Ativo N\u00edvel hier\u00e1rquico: Operacional VALORIZADO Tempo de experi\u00eancia: Sem experi\u00eancia Escolaridade M\u00ednima: Ensino M\u00e9dio (2\u00ba Grau) [&hellip;]<\/p>\n","protected":false},"author":1,"featured_media":0,"comment_status":"open","ping_status":"open","sticky":false,"template":"","format":"standard","meta":{"footnotes":""},"categories":[21],"tags":[],"class_list":["post-5328","post","type-post","status-publish","format-standard","hentry","category-rio-de-janeiro-rj"],"_links":{"self":[{"href":"https:\/\/vagas.portalemprego.com.br\/index.php?rest_route=\/wp\/v2\/posts\/5328","targetHints":{"allow":["GET"]}}],"collection":[{"href":"https:\/\/vagas.portalemprego.com.br\/index.php?rest_route=\/wp\/v2\/posts"}],"about":[{"href":"https:\/\/vagas.portalemprego.com.br\/index.php?rest_route=\/wp\/v2\/types\/post"}],"author":[{"embeddable":true,"href":"https:\/\/vagas.portalemprego.com.br\/index.php?rest_route=\/wp\/v2\/users\/1"}],"replies":[{"embeddable":true,"href":"https:\/\/vagas.portalemprego.com.br\/index.php?rest_route=%2Fwp%2Fv2%2Fcomments&post=5328"}],"version-history":[{"count":0,"href":"https:\/\/vagas.portalemprego.com.br\/index.php?rest_route=\/wp\/v2\/posts\/5328\/revisions"}],"wp:attachment":[{"href":"https:\/\/vagas.portalemprego.com.br\/index.php?rest_route=%2Fwp%2Fv2%2Fmedia&parent=5328"}],"wp:term":[{"taxonomy":"category","embeddable":true,"href":"https:\/\/vagas.portalemprego.com.br\/index.php?rest_route=%2Fwp%2Fv2%2Fcategories&post=5328"},{"taxonomy":"post_tag","embeddable":true,"href":"https:\/\/vagas.portalemprego.com.br\/index.php?rest_route=%2Fwp%2Fv2%2Ftags&post=5328"}],"curies":[{"name":"wp","href":"https:\/\/api.w.org\/{rel}","templated":true}]}}