{"id":5330,"date":"2026-04-29T06:29:29","date_gmt":"2026-04-29T09:29:29","guid":{"rendered":"https:\/\/vagas.portalemprego.com.br\/?p=5330"},"modified":"2026-04-29T06:29:29","modified_gmt":"2026-04-29T09:29:29","slug":"auxiliar-de-cozinha-iraja-alimentacao-gastronomia-rio-de-janeiro-3","status":"publish","type":"post","link":"https:\/\/vagas.portalemprego.com.br\/?p=5330","title":{"rendered":"Auxiliar de Cozinha &#8211; Iraj\u00e1 &#8211; Alimenta\u00e7\u00e3o \/ Gastronomia &#8211; Rio de Janeiro"},"content":{"rendered":"<p>Auxiliar de Cozinha<br \/>\n?? Escala: 6&#215;1 &#8211; Av. Monsenhor F\u00e9lix, 1200 &#8211; Iraj\u00e1, Rio de Janeiro &#8211; RJ, 21235-111<br \/>\n? Hor\u00e1rio: 16hrs at\u00e9 00h<br \/>\n?? Sal\u00e1rio: R$ 1.526,00 + VT<br \/>\nResponsabilidades:<br \/>\nApoiar no preparo e montagem dos pratos;<br \/>\nManter a organiza\u00e7\u00e3o e limpeza da cozinha;<br \/>\nSeguir os padr\u00f5es de qualidade e seguran\u00e7a alimentar da rede.<br \/>\nRequisitos:<br \/>\nDesej\u00e1vel experi\u00eancia na \u00e1rea;<br \/>\nComprometimento e trabalho em equipe.<\/p>\n<ul>\n<li>N\u00famero de vagas: 5<\/li>\n<li>Local de trabalho: Rio de Janeiro, RJ<\/li>\n<li>Regime de contrata\u00e7\u00e3o de tipo: Efetivo \u2013 CLT<\/li>\n<li>Jornada: Parcial noites<\/li>\n<li>\u00c1rea e especializa\u00e7\u00e3o profissional: Alimenta\u00e7\u00e3o \/ Gastronomia &#8211; Atendente \/ Recep\u00e7\u00e3o \/ Gar\u00e7om<\/li>\n<li>N\u00edvel hier\u00e1rquico: Auxiliar<\/li>\n<\/ul>\n<p>Escolaridade M\u00ednima: Ensino Fundamental (1\u00ba grau)<\/p>\n<p>Sal\u00e1rio: 1526,0<\/p>\n","protected":false},"excerpt":{"rendered":"<p>Auxiliar de Cozinha ?? Escala: 6&#215;1 &#8211; Av. Monsenhor F\u00e9lix, 1200 &#8211; Iraj\u00e1, Rio de Janeiro &#8211; RJ, 21235-111 ? Hor\u00e1rio: 16hrs at\u00e9 00h ?? Sal\u00e1rio: R$ 1.526,00 + VT Responsabilidades: Apoiar no preparo e montagem dos pratos; Manter a organiza\u00e7\u00e3o e limpeza da cozinha; Seguir os padr\u00f5es de qualidade e seguran\u00e7a alimentar da rede. [&hellip;]<\/p>\n","protected":false},"author":1,"featured_media":0,"comment_status":"open","ping_status":"open","sticky":false,"template":"","format":"standard","meta":{"footnotes":""},"categories":[21],"tags":[],"class_list":["post-5330","post","type-post","status-publish","format-standard","hentry","category-rio-de-janeiro-rj"],"_links":{"self":[{"href":"https:\/\/vagas.portalemprego.com.br\/index.php?rest_route=\/wp\/v2\/posts\/5330","targetHints":{"allow":["GET"]}}],"collection":[{"href":"https:\/\/vagas.portalemprego.com.br\/index.php?rest_route=\/wp\/v2\/posts"}],"about":[{"href":"https:\/\/vagas.portalemprego.com.br\/index.php?rest_route=\/wp\/v2\/types\/post"}],"author":[{"embeddable":true,"href":"https:\/\/vagas.portalemprego.com.br\/index.php?rest_route=\/wp\/v2\/users\/1"}],"replies":[{"embeddable":true,"href":"https:\/\/vagas.portalemprego.com.br\/index.php?rest_route=%2Fwp%2Fv2%2Fcomments&post=5330"}],"version-history":[{"count":0,"href":"https:\/\/vagas.portalemprego.com.br\/index.php?rest_route=\/wp\/v2\/posts\/5330\/revisions"}],"wp:attachment":[{"href":"https:\/\/vagas.portalemprego.com.br\/index.php?rest_route=%2Fwp%2Fv2%2Fmedia&parent=5330"}],"wp:term":[{"taxonomy":"category","embeddable":true,"href":"https:\/\/vagas.portalemprego.com.br\/index.php?rest_route=%2Fwp%2Fv2%2Fcategories&post=5330"},{"taxonomy":"post_tag","embeddable":true,"href":"https:\/\/vagas.portalemprego.com.br\/index.php?rest_route=%2Fwp%2Fv2%2Ftags&post=5330"}],"curies":[{"name":"wp","href":"https:\/\/api.w.org\/{rel}","templated":true}]}}