{"id":5332,"date":"2026-04-29T06:29:29","date_gmt":"2026-04-29T09:29:29","guid":{"rendered":"https:\/\/vagas.portalemprego.com.br\/?p=5332"},"modified":"2026-04-29T06:29:29","modified_gmt":"2026-04-29T09:29:29","slug":"eletricista-ii-meio-ambiente-ecologia-rio-de-janeiro","status":"publish","type":"post","link":"https:\/\/vagas.portalemprego.com.br\/?p=5332","title":{"rendered":"Eletricista II &#8211; Meio Ambiente, Ecologia &#8211; Rio de Janeiro"},"content":{"rendered":"<p>O Grupo Seres em parceria com empresa do segmento de Saneamento busca profissionais para atuar na fun\u00e7\u00e3o de Eletricista II.<br \/>\nRequisitos:<br \/>\nEnsino t\u00e9cnico completo em eletrot\u00e9cnica, eletromec\u00e2nica e \u00e1reas correlatas;<br \/>\nCNH-B definitiva;<br \/>\nBoa comunica\u00e7\u00e3o e trabalho em equipe.<br \/>\nAtividades:<br \/>\nExecutar montagem, desmontagem, reparos e substitui\u00e7\u00e3o de pe\u00e7as em equipamentos el\u00e9tricos.<br \/>\nRealizar inspe\u00e7\u00f5es e manuten\u00e7\u00f5es preventivas, preditivas e corretivas.<br \/>\n\u00a0Ler instrumentos e seguir normas de seguran\u00e7a el\u00e9trica.<br \/>\n\u00a0\u00a0Dimensionar e levantar materiais necess\u00e1rios para instala\u00e7\u00f5es e manuten\u00e7\u00f5es.<br \/>\nPreencher checklists e propor melhorias para manter as instala\u00e7\u00f5es seguras e funcionando corretamente.<br \/>\nJornada de trabalho:<br \/>\nEscala 12x12x60 (07h at\u00e9 19h).<br \/>\nLocal:<br \/>\nCampo Grande\/RJ.<\/p>\n<ul>\n<li>Local de trabalho: Rio de Janeiro, RJ<\/li>\n<li>Regime de contrata\u00e7\u00e3o de tipo: Tempor\u00e1rio<\/li>\n<li>Jornada: Per\u00edodo Integral<\/li>\n<li>\u00c1rea e especializa\u00e7\u00e3o profissional: Meio Ambiente, Ecologia &#8211; Saneamento Ambiental<\/li>\n<li>N\u00edvel hier\u00e1rquico: Operacional<\/li>\n<\/ul>\n<p>Escolaridade M\u00ednima: Curso T\u00e9cnico<\/p>\n<ul>\n<li>Vale-refei\u00e7\u00e3o<\/li>\n<li>Vale-transporte<\/li>\n<\/ul>\n","protected":false},"excerpt":{"rendered":"<p>O Grupo Seres em parceria com empresa do segmento de Saneamento busca profissionais para atuar na fun\u00e7\u00e3o de Eletricista II. Requisitos: Ensino t\u00e9cnico completo em eletrot\u00e9cnica, eletromec\u00e2nica e \u00e1reas correlatas; CNH-B definitiva; Boa comunica\u00e7\u00e3o e trabalho em equipe. Atividades: Executar montagem, desmontagem, reparos e substitui\u00e7\u00e3o de pe\u00e7as em equipamentos el\u00e9tricos. Realizar inspe\u00e7\u00f5es e manuten\u00e7\u00f5es preventivas, [&hellip;]<\/p>\n","protected":false},"author":1,"featured_media":0,"comment_status":"open","ping_status":"open","sticky":false,"template":"","format":"standard","meta":{"footnotes":""},"categories":[21],"tags":[],"class_list":["post-5332","post","type-post","status-publish","format-standard","hentry","category-rio-de-janeiro-rj"],"_links":{"self":[{"href":"https:\/\/vagas.portalemprego.com.br\/index.php?rest_route=\/wp\/v2\/posts\/5332","targetHints":{"allow":["GET"]}}],"collection":[{"href":"https:\/\/vagas.portalemprego.com.br\/index.php?rest_route=\/wp\/v2\/posts"}],"about":[{"href":"https:\/\/vagas.portalemprego.com.br\/index.php?rest_route=\/wp\/v2\/types\/post"}],"author":[{"embeddable":true,"href":"https:\/\/vagas.portalemprego.com.br\/index.php?rest_route=\/wp\/v2\/users\/1"}],"replies":[{"embeddable":true,"href":"https:\/\/vagas.portalemprego.com.br\/index.php?rest_route=%2Fwp%2Fv2%2Fcomments&post=5332"}],"version-history":[{"count":0,"href":"https:\/\/vagas.portalemprego.com.br\/index.php?rest_route=\/wp\/v2\/posts\/5332\/revisions"}],"wp:attachment":[{"href":"https:\/\/vagas.portalemprego.com.br\/index.php?rest_route=%2Fwp%2Fv2%2Fmedia&parent=5332"}],"wp:term":[{"taxonomy":"category","embeddable":true,"href":"https:\/\/vagas.portalemprego.com.br\/index.php?rest_route=%2Fwp%2Fv2%2Fcategories&post=5332"},{"taxonomy":"post_tag","embeddable":true,"href":"https:\/\/vagas.portalemprego.com.br\/index.php?rest_route=%2Fwp%2Fv2%2Ftags&post=5332"}],"curies":[{"name":"wp","href":"https:\/\/api.w.org\/{rel}","templated":true}]}}