{"id":5333,"date":"2026-04-29T06:29:29","date_gmt":"2026-04-29T09:29:29","guid":{"rendered":"https:\/\/vagas.portalemprego.com.br\/?p=5333"},"modified":"2026-04-29T06:29:29","modified_gmt":"2026-04-29T09:29:29","slug":"trainee-de-gestor-gastronomico-alimentacao-gastronomia-rio-de-janeiro","status":"publish","type":"post","link":"https:\/\/vagas.portalemprego.com.br\/?p=5333","title":{"rendered":"Trainee de Gestor Gastron\u00f4mico &#8211; Alimenta\u00e7\u00e3o \/ Gastronomia &#8211; Rio de Janeiro"},"content":{"rendered":"<p>No Supermercado Zona Sul, acreditamos que o nosso sucesso est\u00e1 diretamente ligado ao empenho e dedica\u00e7\u00e3o de cada membro da nossa equipe. Trabalhar conosco n\u00e3o \u00e9 apenas ocupar uma vaga, mas sim, integrar uma fam\u00edlia que valoriza o respeito, a coopera\u00e7\u00e3o e o crescimento profissional.<\/p>\n<p>Se voc\u00ea \u00e9 uma pessoa proativa, dedicada e quer fazer parte de uma empresa que reconhece e valoriza o esfor\u00e7o, ent\u00e3o essa \u00e9 a sua chance! Junte-se a n\u00f3s e ajude a construir um ambiente de trabalho onde cada conquista \u00e9 celebrada e cada desafio \u00e9 uma oportunidade para aprender e crescer.<\/p>\n<p>Responsabilidades:<\/p>\n<p>Gest\u00e3o gastron\u00f4mica da loja;<br \/>\nIdentificar oportunidades comerciais, seja atrav\u00e9s de novos produtos e\/ou criando sinergia e harmoniza\u00e7\u00e3o entre os produtos j\u00e1 existentes;<br \/>\nInovar na apresenta\u00e7\u00e3o e abordagem;<br \/>\nDifundir conhecimento gastron\u00f4mico entre colaboradores e clientes, agregando valor aos produtos;<br \/>\nDisseminar a cultura da redu\u00e7\u00e3o do desperd\u00edcio e inclusive gerar produtos atrav\u00e9s do reaproveitamento;<\/p>\n<p>Requisitos:<br \/>\nEnsino Superior Completo em Gastronomia ou afins;<br \/>\nTer experi\u00eancia em restaurantes e cozinhas e j\u00e1 ter atuado com cria\u00e7\u00e3o de novos pratos e Menu (Chefe de Cozinha);<br \/>\nTer experi\u00eancia com Gest\u00e3o de Pessoas;<br \/>\nSer apaixonado por Gastronomia!<\/p>\n<p>Disponibilidade para trabalhar nas Lojas na Zona Sul ou Zona Oeste do Rio de Janeiro.<\/p>\n<p>Benef\u00edcios:<br \/>\nSal\u00e1rio compat\u00edvel com o mercado<br \/>\nVale Transporte<br \/>\nRefei\u00e7\u00e3o no local<br \/>\nPlano de Sa\u00fade<br \/>\nPlano Odontol\u00f3gico<br \/>\nSeguro de Vida<br \/>\nParticipa\u00e7\u00e3o nos Resultados<br \/>\nDesconto em produtos da empresa<\/p>\n<ul>\n<li>N\u00famero de vagas: 4<\/li>\n<li>Local de trabalho: Rio de Janeiro, RJ<\/li>\n<li>Regime de contrata\u00e7\u00e3o de tipo: Efetivo \u2013 CLT<\/li>\n<li>Jornada: Per\u00edodo Integral<\/li>\n<li>\u00c1rea e especializa\u00e7\u00e3o profissional: Alimenta\u00e7\u00e3o \/ Gastronomia &#8211; Gastronomia<\/li>\n<li>N\u00edvel hier\u00e1rquico: Trainee<\/li>\n<\/ul>\n<p>VALORIZADO<\/p>\n<p>Tempo de experi\u00eancia: Entre 3 e 5 anos<\/p>\n<p>Escolaridade M\u00ednima: Ensino Superior<\/p>\n<ul>\n<li>Vale Transporte<\/li>\n<li>Seguro de Vida<\/li>\n<li>Plano de Sa\u00fade e Odontol\u00f3gico<\/li>\n<li>PLR<\/li>\n<li>Programa de Desenvolvimento<\/li>\n<li>Alimenta\u00e7\u00e3o Local<\/li>\n<\/ul>\n","protected":false},"excerpt":{"rendered":"<p>No Supermercado Zona Sul, acreditamos que o nosso sucesso est\u00e1 diretamente ligado ao empenho e dedica\u00e7\u00e3o de cada membro da nossa equipe. Trabalhar conosco n\u00e3o \u00e9 apenas ocupar uma vaga, mas sim, integrar uma fam\u00edlia que valoriza o respeito, a coopera\u00e7\u00e3o e o crescimento profissional. Se voc\u00ea \u00e9 uma pessoa proativa, dedicada e quer fazer [&hellip;]<\/p>\n","protected":false},"author":1,"featured_media":0,"comment_status":"open","ping_status":"open","sticky":false,"template":"","format":"standard","meta":{"footnotes":""},"categories":[21],"tags":[],"class_list":["post-5333","post","type-post","status-publish","format-standard","hentry","category-rio-de-janeiro-rj"],"_links":{"self":[{"href":"https:\/\/vagas.portalemprego.com.br\/index.php?rest_route=\/wp\/v2\/posts\/5333","targetHints":{"allow":["GET"]}}],"collection":[{"href":"https:\/\/vagas.portalemprego.com.br\/index.php?rest_route=\/wp\/v2\/posts"}],"about":[{"href":"https:\/\/vagas.portalemprego.com.br\/index.php?rest_route=\/wp\/v2\/types\/post"}],"author":[{"embeddable":true,"href":"https:\/\/vagas.portalemprego.com.br\/index.php?rest_route=\/wp\/v2\/users\/1"}],"replies":[{"embeddable":true,"href":"https:\/\/vagas.portalemprego.com.br\/index.php?rest_route=%2Fwp%2Fv2%2Fcomments&post=5333"}],"version-history":[{"count":0,"href":"https:\/\/vagas.portalemprego.com.br\/index.php?rest_route=\/wp\/v2\/posts\/5333\/revisions"}],"wp:attachment":[{"href":"https:\/\/vagas.portalemprego.com.br\/index.php?rest_route=%2Fwp%2Fv2%2Fmedia&parent=5333"}],"wp:term":[{"taxonomy":"category","embeddable":true,"href":"https:\/\/vagas.portalemprego.com.br\/index.php?rest_route=%2Fwp%2Fv2%2Fcategories&post=5333"},{"taxonomy":"post_tag","embeddable":true,"href":"https:\/\/vagas.portalemprego.com.br\/index.php?rest_route=%2Fwp%2Fv2%2Ftags&post=5333"}],"curies":[{"name":"wp","href":"https:\/\/api.w.org\/{rel}","templated":true}]}}