{"id":5334,"date":"2026-04-29T06:29:29","date_gmt":"2026-04-29T09:29:29","guid":{"rendered":"https:\/\/vagas.portalemprego.com.br\/?p=5334"},"modified":"2026-04-29T06:29:29","modified_gmt":"2026-04-29T09:29:29","slug":"estoquista-varejo-de-moda-amercias-shopping-logistica-rio-de-janeiro","status":"publish","type":"post","link":"https:\/\/vagas.portalemprego.com.br\/?p=5334","title":{"rendered":"Estoquista &#8211; Varejo de moda (Amercias Shopping) &#8211; Log\u00edstica &#8211; Rio de Janeiro"},"content":{"rendered":"<p>Vaga: Estoquista \u2013 Loja de Cal\u00e7ados (Am\u00e9ricas Shopping)<br \/>\nLoja de cal\u00e7ados localizada no Am\u00e9ricas Shopping busca Estoquista para integrar sua equipe. Procuramos um profissional organizado, \u00e1gil e comprometido, que goste de trabalhar em ambiente din\u00e2mico e colaborativo.<br \/>\nRequisitos:<br \/>\n \u2022 Pode ser homem ou mulher<br \/>\n \u2022 Perfil organizado, respons\u00e1vel e atento a detalhes<br \/>\n \u2022 Desej\u00e1vel experi\u00eancia pr\u00e9via na \u00e1rea de estoque<br \/>\nAtividades:<br \/>\n \u2022 Organiza\u00e7\u00e3o e controle do estoque<br \/>\n \u2022 Recebimento, confer\u00eancia e reposi\u00e7\u00e3o de mercadorias<br \/>\n \u2022 Suporte \u00e0 equipe de vendas garantindo agilidade no atendimento<br \/>\nCondi\u00e7\u00f5es:<br \/>\n \u2022 M\u00e9dia salarial: R$ 2.000<br \/>\n \u2022 Hor\u00e1rio: 10h \u00e0s 18h<br \/>\n \u2022 Escala: 6&#215;1<br \/>\n \u2022 Vaga efetiva (n\u00e3o \u00e9 Extra Natal)<br \/>\nSe voc\u00ea busca uma oportunidade est\u00e1vel em uma loja consolidada, esta pode ser a sua chance.<\/p>\n<ul>\n<li>Local de trabalho: Rio de Janeiro, RJ<\/li>\n<li>Regime de contrata\u00e7\u00e3o de tipo: Efetivo \u2013 CLT<\/li>\n<li>Jornada: Per\u00edodo Integral<\/li>\n<li>\u00c1rea e especializa\u00e7\u00e3o profissional: Log\u00edstica &#8211; Estoque, Armazenagem, Dep\u00f3sito<\/li>\n<li>N\u00edvel hier\u00e1rquico: Operacional<\/li>\n<\/ul>\n<p>Escolaridade M\u00ednima: Ensino M\u00e9dio (2\u00ba Grau)<\/p>\n<p>Sal\u00e1rio: 2000,0<\/p>\n","protected":false},"excerpt":{"rendered":"<p>Vaga: Estoquista \u2013 Loja de Cal\u00e7ados (Am\u00e9ricas Shopping) Loja de cal\u00e7ados localizada no Am\u00e9ricas Shopping busca Estoquista para integrar sua equipe. Procuramos um profissional organizado, \u00e1gil e comprometido, que goste de trabalhar em ambiente din\u00e2mico e colaborativo. Requisitos: \u2022 Pode ser homem ou mulher \u2022 Perfil organizado, respons\u00e1vel e atento a detalhes \u2022 Desej\u00e1vel experi\u00eancia [&hellip;]<\/p>\n","protected":false},"author":1,"featured_media":0,"comment_status":"open","ping_status":"open","sticky":false,"template":"","format":"standard","meta":{"footnotes":""},"categories":[21],"tags":[],"class_list":["post-5334","post","type-post","status-publish","format-standard","hentry","category-rio-de-janeiro-rj"],"_links":{"self":[{"href":"https:\/\/vagas.portalemprego.com.br\/index.php?rest_route=\/wp\/v2\/posts\/5334","targetHints":{"allow":["GET"]}}],"collection":[{"href":"https:\/\/vagas.portalemprego.com.br\/index.php?rest_route=\/wp\/v2\/posts"}],"about":[{"href":"https:\/\/vagas.portalemprego.com.br\/index.php?rest_route=\/wp\/v2\/types\/post"}],"author":[{"embeddable":true,"href":"https:\/\/vagas.portalemprego.com.br\/index.php?rest_route=\/wp\/v2\/users\/1"}],"replies":[{"embeddable":true,"href":"https:\/\/vagas.portalemprego.com.br\/index.php?rest_route=%2Fwp%2Fv2%2Fcomments&post=5334"}],"version-history":[{"count":0,"href":"https:\/\/vagas.portalemprego.com.br\/index.php?rest_route=\/wp\/v2\/posts\/5334\/revisions"}],"wp:attachment":[{"href":"https:\/\/vagas.portalemprego.com.br\/index.php?rest_route=%2Fwp%2Fv2%2Fmedia&parent=5334"}],"wp:term":[{"taxonomy":"category","embeddable":true,"href":"https:\/\/vagas.portalemprego.com.br\/index.php?rest_route=%2Fwp%2Fv2%2Fcategories&post=5334"},{"taxonomy":"post_tag","embeddable":true,"href":"https:\/\/vagas.portalemprego.com.br\/index.php?rest_route=%2Fwp%2Fv2%2Ftags&post=5334"}],"curies":[{"name":"wp","href":"https:\/\/api.w.org\/{rel}","templated":true}]}}