{"id":5337,"date":"2026-04-29T06:29:29","date_gmt":"2026-04-29T09:29:29","guid":{"rendered":"https:\/\/vagas.portalemprego.com.br\/?p=5337"},"modified":"2026-04-29T06:29:29","modified_gmt":"2026-04-29T09:29:29","slug":"estagio-de-recrutamento-e-selecao-recursos-humanos-rio-de-janeiro","status":"publish","type":"post","link":"https:\/\/vagas.portalemprego.com.br\/?p=5337","title":{"rendered":"Est\u00e1gio de Recrutamento e Sele\u00e7\u00e3o &#8211; Recursos Humanos &#8211; Rio de Janeiro"},"content":{"rendered":"<p>Consultoria de RH contrata estagi\u00e1rio para recrutamento e sele\u00e7\u00e3o. <\/p>\n<p>N\u00e3o \u00e9 necess\u00e1ria experi\u00eancia, apenas disponibilidade, buscar aprender e gostar de pessoas!<\/p>\n<p>Oportunidade para se desenvolver em \u00f3timo clima de trabalho e chance de efetiva\u00e7\u00e3o! \ud83d\ude09<br \/>\nNecess\u00e1rio estar cursando faculdade (Adm, Psicologia ou RH)<\/p>\n<p>Bolsa R$ 800 e a cada 03 meses aumenta R$ 200 na bolsa + VT<\/p>\n<p>Dois dias trabalhando presencial em Botafogo e o restante home office<br \/>\n06h por dia de seg a sex.<\/p>\n<ul>\n<li>Local de trabalho: Rio de Janeiro, RJ<\/li>\n<li>Regime de contrata\u00e7\u00e3o de tipo: Est\u00e1gio<\/li>\n<li>Jornada: Parcial tardes<\/li>\n<li>\u00c1rea e especializa\u00e7\u00e3o profissional: Recursos Humanos &#8211; Recrutamento e Sele\u00e7\u00e3o<\/li>\n<li>N\u00edvel hier\u00e1rquico: Estagi\u00e1rio<\/li>\n<\/ul>\n<p>Escolaridade M\u00ednima: Ensino Superior<\/p>\n<p>Sal\u00e1rio: 1200,0<\/p>\n","protected":false},"excerpt":{"rendered":"<p>Consultoria de RH contrata estagi\u00e1rio para recrutamento e sele\u00e7\u00e3o. N\u00e3o \u00e9 necess\u00e1ria experi\u00eancia, apenas disponibilidade, buscar aprender e gostar de pessoas! Oportunidade para se desenvolver em \u00f3timo clima de trabalho e chance de efetiva\u00e7\u00e3o! \ud83d\ude09 Necess\u00e1rio estar cursando faculdade (Adm, Psicologia ou RH) Bolsa R$ 800 e a cada 03 meses aumenta R$ 200 na [&hellip;]<\/p>\n","protected":false},"author":1,"featured_media":0,"comment_status":"open","ping_status":"open","sticky":false,"template":"","format":"standard","meta":{"footnotes":""},"categories":[21],"tags":[],"class_list":["post-5337","post","type-post","status-publish","format-standard","hentry","category-rio-de-janeiro-rj"],"_links":{"self":[{"href":"https:\/\/vagas.portalemprego.com.br\/index.php?rest_route=\/wp\/v2\/posts\/5337","targetHints":{"allow":["GET"]}}],"collection":[{"href":"https:\/\/vagas.portalemprego.com.br\/index.php?rest_route=\/wp\/v2\/posts"}],"about":[{"href":"https:\/\/vagas.portalemprego.com.br\/index.php?rest_route=\/wp\/v2\/types\/post"}],"author":[{"embeddable":true,"href":"https:\/\/vagas.portalemprego.com.br\/index.php?rest_route=\/wp\/v2\/users\/1"}],"replies":[{"embeddable":true,"href":"https:\/\/vagas.portalemprego.com.br\/index.php?rest_route=%2Fwp%2Fv2%2Fcomments&post=5337"}],"version-history":[{"count":0,"href":"https:\/\/vagas.portalemprego.com.br\/index.php?rest_route=\/wp\/v2\/posts\/5337\/revisions"}],"wp:attachment":[{"href":"https:\/\/vagas.portalemprego.com.br\/index.php?rest_route=%2Fwp%2Fv2%2Fmedia&parent=5337"}],"wp:term":[{"taxonomy":"category","embeddable":true,"href":"https:\/\/vagas.portalemprego.com.br\/index.php?rest_route=%2Fwp%2Fv2%2Fcategories&post=5337"},{"taxonomy":"post_tag","embeddable":true,"href":"https:\/\/vagas.portalemprego.com.br\/index.php?rest_route=%2Fwp%2Fv2%2Ftags&post=5337"}],"curies":[{"name":"wp","href":"https:\/\/api.w.org\/{rel}","templated":true}]}}