{"id":5339,"date":"2026-04-29T06:29:29","date_gmt":"2026-04-29T09:29:29","guid":{"rendered":"https:\/\/vagas.portalemprego.com.br\/?p=5339"},"modified":"2026-04-29T06:29:29","modified_gmt":"2026-04-29T09:29:29","slug":"analista-de-suprimentos-e-almoxarifado-administracao-rio-de-janeiro","status":"publish","type":"post","link":"https:\/\/vagas.portalemprego.com.br\/?p=5339","title":{"rendered":"ANALISTA DE SUPRIMENTOS E ALMOXARIFADO &#8211; Administra\u00e7\u00e3o &#8211; Rio de Janeiro"},"content":{"rendered":"<p>Respons\u00e1vel\u00a0por\u00a0garantir\u00a0a\u00a0padroniza\u00e7\u00e3o\u00a0e\u00a0o\u00a0abastecimento\u00a0dos\u00a0itens\u00a0essenciais\u00a0dos\u00a0contratos\u00a0,\u00a0\u00a0como\u00a0uniformes,\u00a0equipamentos,\u00a0materiais\u00a0de\u00a0uso\u00a0e\u00a0consumo\u00a0,\u00a0\u00a0assegurando\u00a0organiza\u00e7\u00e3o\u00a0do\u00a0estoque,\u00a0controle\u00a0eficiente\u00a0de\u00a0suprimentos\u00a0e\u00a0boa\u00a0gest\u00e3o\u00a0de\u00a0fornecedores.\u00a0Tamb\u00e9m\u00a0prestar\u00e1\u00a0suporte\u00a0administrativo\u00a0na\u00a0rotina\u00a0da\u00a0\u00e1rea,\u00a0conforme\u00a0descrito\u00a0anteriormente.<\/p>\n<ul>\n<li>Local de trabalho: Rio de Janeiro, RJ<\/li>\n<li>Regime de contrata\u00e7\u00e3o de tipo: Efetivo \u2013 CLT<\/li>\n<li>Jornada: Per\u00edodo Integral<\/li>\n<li>\u00c1rea e especializa\u00e7\u00e3o profissional: Administra\u00e7\u00e3o &#8211; Administra\u00e7\u00e3o Geral<\/li>\n<li>N\u00edvel hier\u00e1rquico: Analista<\/li>\n<\/ul>\n<p>VALORIZADO<\/p>\n<p>Tempo de experi\u00eancia: Entre 1 e 3 anos<\/p>\n<p>Escolaridade M\u00ednima: Ensino Superior<\/p>\n","protected":false},"excerpt":{"rendered":"<p>Respons\u00e1vel\u00a0por\u00a0garantir\u00a0a\u00a0padroniza\u00e7\u00e3o\u00a0e\u00a0o\u00a0abastecimento\u00a0dos\u00a0itens\u00a0essenciais\u00a0dos\u00a0contratos\u00a0,\u00a0\u00a0como\u00a0uniformes,\u00a0equipamentos,\u00a0materiais\u00a0de\u00a0uso\u00a0e\u00a0consumo\u00a0,\u00a0\u00a0assegurando\u00a0organiza\u00e7\u00e3o\u00a0do\u00a0estoque,\u00a0controle\u00a0eficiente\u00a0de\u00a0suprimentos\u00a0e\u00a0boa\u00a0gest\u00e3o\u00a0de\u00a0fornecedores.\u00a0Tamb\u00e9m\u00a0prestar\u00e1\u00a0suporte\u00a0administrativo\u00a0na\u00a0rotina\u00a0da\u00a0\u00e1rea,\u00a0conforme\u00a0descrito\u00a0anteriormente. Local de trabalho: Rio de Janeiro, RJ Regime de contrata\u00e7\u00e3o de tipo: Efetivo \u2013 CLT Jornada: Per\u00edodo Integral \u00c1rea e especializa\u00e7\u00e3o profissional: Administra\u00e7\u00e3o &#8211; Administra\u00e7\u00e3o Geral N\u00edvel hier\u00e1rquico: Analista VALORIZADO Tempo de experi\u00eancia: Entre 1 e 3 anos Escolaridade M\u00ednima: Ensino Superior<\/p>\n","protected":false},"author":1,"featured_media":0,"comment_status":"open","ping_status":"open","sticky":false,"template":"","format":"standard","meta":{"footnotes":""},"categories":[21],"tags":[],"class_list":["post-5339","post","type-post","status-publish","format-standard","hentry","category-rio-de-janeiro-rj"],"_links":{"self":[{"href":"https:\/\/vagas.portalemprego.com.br\/index.php?rest_route=\/wp\/v2\/posts\/5339","targetHints":{"allow":["GET"]}}],"collection":[{"href":"https:\/\/vagas.portalemprego.com.br\/index.php?rest_route=\/wp\/v2\/posts"}],"about":[{"href":"https:\/\/vagas.portalemprego.com.br\/index.php?rest_route=\/wp\/v2\/types\/post"}],"author":[{"embeddable":true,"href":"https:\/\/vagas.portalemprego.com.br\/index.php?rest_route=\/wp\/v2\/users\/1"}],"replies":[{"embeddable":true,"href":"https:\/\/vagas.portalemprego.com.br\/index.php?rest_route=%2Fwp%2Fv2%2Fcomments&post=5339"}],"version-history":[{"count":0,"href":"https:\/\/vagas.portalemprego.com.br\/index.php?rest_route=\/wp\/v2\/posts\/5339\/revisions"}],"wp:attachment":[{"href":"https:\/\/vagas.portalemprego.com.br\/index.php?rest_route=%2Fwp%2Fv2%2Fmedia&parent=5339"}],"wp:term":[{"taxonomy":"category","embeddable":true,"href":"https:\/\/vagas.portalemprego.com.br\/index.php?rest_route=%2Fwp%2Fv2%2Fcategories&post=5339"},{"taxonomy":"post_tag","embeddable":true,"href":"https:\/\/vagas.portalemprego.com.br\/index.php?rest_route=%2Fwp%2Fv2%2Ftags&post=5339"}],"curies":[{"name":"wp","href":"https:\/\/api.w.org\/{rel}","templated":true}]}}