{"id":5348,"date":"2026-04-29T06:29:29","date_gmt":"2026-04-29T09:29:29","guid":{"rendered":"https:\/\/vagas.portalemprego.com.br\/?p=5348"},"modified":"2026-04-29T06:29:29","modified_gmt":"2026-04-29T09:29:29","slug":"cozinheiro-alimentacao-gastronomia-rio-de-janeiro-17","status":"publish","type":"post","link":"https:\/\/vagas.portalemprego.com.br\/?p=5348","title":{"rendered":"Cozinheiro &#8211; Alimenta\u00e7\u00e3o \/ Gastronomia &#8211; Rio de Janeiro"},"content":{"rendered":"<p>Vaga \u2013 Cozinheiro (Produ\u00e7\u00e3o)<br \/>\n Confeitaria artesanal em Botafogo, com rotina organizada e forte padr\u00e3o de qualidade, busca um profissional de cozinha para integrar sua equipe de produ\u00e7\u00e3o salgada.<br \/>\nInforma\u00e7\u00f5es da Vaga<br \/>\n\u00a0\u2022\u00a0Sal\u00e1rio:\u00a0R$\u00a02.500\u00a0a\u00a0R$\u00a03.000<br \/>\n\u00a0\u2022\u00a0Benef\u00edcios: Caf\u00e9\u00a0da\u00a0manh\u00e3, almo\u00e7o, lanche, Shalom\u00a0Clube\u00a0de\u00a0Vantagens, outros\u00a0benef\u00edcios\u00a0conforme\u00a0pol\u00edtica\u00a0interna.<br \/>\n\u2022\u00a0Jornada:\u00a0Segunda\u00a0a\u00a0s\u00e1bado,\u00a0das\u00a08h\u00a0\u00e0s\u00a016h20\u00a0(1h\u00a0de\u00a0intervalo)<br \/>\nResponsabilidades<br \/>\n \u2022 Preparar refei\u00e7\u00f5es internas seguindo fichas t\u00e9cnicas e padr\u00f5es definidos.<br \/>\n \u2022 Realizar pr\u00e9-preparo, cortes, coc\u00e7\u00e3o e montagem de pratos e salgados.<br \/>\n \u2022 Produzir alimentos salgados para loja e delivery.<br \/>\n \u2022 Organizar e higienizar a cozinha, utens\u00edlios e equipamentos.<br \/>\n \u2022 Controlar validade, armazenamento e temperaturas, aplicando Boas Pr\u00e1ticas de Manipula\u00e7\u00e3o.<br \/>\n \u2022 Apoiar testes e desenvolvimento da linha de salgados.<br \/>\n \u2022 Cumprir rotinas, normas internas e hor\u00e1rios estabelecidos.<br \/>\nRequisitos<br \/>\n \u2022 Experi\u00eancia comprovada em cozinha quente, refei\u00e7\u00f5es e produ\u00e7\u00e3o de salgados.<br \/>\n \u2022 Conhecimento b\u00e1sico de Boas Pr\u00e1ticas de Manipula\u00e7\u00e3o.<br \/>\n \u2022 Organiza\u00e7\u00e3o, foco, aten\u00e7\u00e3o a detalhes e disciplina operacional.<br \/>\n \u2022 Pontualidade e postura colaborativa.<\/p>\n<ul>\n<li>Local de trabalho: Rio de Janeiro, RJ<\/li>\n<li>Regime de contrata\u00e7\u00e3o de tipo: Efetivo \u2013 CLT<\/li>\n<li>Jornada: Parcial tardes<\/li>\n<li>\u00c1rea e especializa\u00e7\u00e3o profissional: Alimenta\u00e7\u00e3o \/ Gastronomia &#8211; Cozinha<\/li>\n<li>N\u00edvel hier\u00e1rquico: Especialista<\/li>\n<\/ul>\n<p>Escolaridade M\u00ednima: Ensino M\u00e9dio (2\u00ba Grau)<\/p>\n<p>Sal\u00e1rio: 3000,0<\/p>\n","protected":false},"excerpt":{"rendered":"<p>Vaga \u2013 Cozinheiro (Produ\u00e7\u00e3o) Confeitaria artesanal em Botafogo, com rotina organizada e forte padr\u00e3o de qualidade, busca um profissional de cozinha para integrar sua equipe de produ\u00e7\u00e3o salgada. Informa\u00e7\u00f5es da Vaga \u00a0\u2022\u00a0Sal\u00e1rio:\u00a0R$\u00a02.500\u00a0a\u00a0R$\u00a03.000 \u00a0\u2022\u00a0Benef\u00edcios: Caf\u00e9\u00a0da\u00a0manh\u00e3, almo\u00e7o, lanche, Shalom\u00a0Clube\u00a0de\u00a0Vantagens, outros\u00a0benef\u00edcios\u00a0conforme\u00a0pol\u00edtica\u00a0interna. \u2022\u00a0Jornada:\u00a0Segunda\u00a0a\u00a0s\u00e1bado,\u00a0das\u00a08h\u00a0\u00e0s\u00a016h20\u00a0(1h\u00a0de\u00a0intervalo) Responsabilidades \u2022 Preparar refei\u00e7\u00f5es internas seguindo fichas t\u00e9cnicas e padr\u00f5es definidos. \u2022 Realizar pr\u00e9-preparo, cortes, coc\u00e7\u00e3o [&hellip;]<\/p>\n","protected":false},"author":1,"featured_media":0,"comment_status":"open","ping_status":"open","sticky":false,"template":"","format":"standard","meta":{"footnotes":""},"categories":[21],"tags":[],"class_list":["post-5348","post","type-post","status-publish","format-standard","hentry","category-rio-de-janeiro-rj"],"_links":{"self":[{"href":"https:\/\/vagas.portalemprego.com.br\/index.php?rest_route=\/wp\/v2\/posts\/5348","targetHints":{"allow":["GET"]}}],"collection":[{"href":"https:\/\/vagas.portalemprego.com.br\/index.php?rest_route=\/wp\/v2\/posts"}],"about":[{"href":"https:\/\/vagas.portalemprego.com.br\/index.php?rest_route=\/wp\/v2\/types\/post"}],"author":[{"embeddable":true,"href":"https:\/\/vagas.portalemprego.com.br\/index.php?rest_route=\/wp\/v2\/users\/1"}],"replies":[{"embeddable":true,"href":"https:\/\/vagas.portalemprego.com.br\/index.php?rest_route=%2Fwp%2Fv2%2Fcomments&post=5348"}],"version-history":[{"count":0,"href":"https:\/\/vagas.portalemprego.com.br\/index.php?rest_route=\/wp\/v2\/posts\/5348\/revisions"}],"wp:attachment":[{"href":"https:\/\/vagas.portalemprego.com.br\/index.php?rest_route=%2Fwp%2Fv2%2Fmedia&parent=5348"}],"wp:term":[{"taxonomy":"category","embeddable":true,"href":"https:\/\/vagas.portalemprego.com.br\/index.php?rest_route=%2Fwp%2Fv2%2Fcategories&post=5348"},{"taxonomy":"post_tag","embeddable":true,"href":"https:\/\/vagas.portalemprego.com.br\/index.php?rest_route=%2Fwp%2Fv2%2Ftags&post=5348"}],"curies":[{"name":"wp","href":"https:\/\/api.w.org\/{rel}","templated":true}]}}