{"id":5349,"date":"2026-04-29T06:29:29","date_gmt":"2026-04-29T09:29:29","guid":{"rendered":"https:\/\/vagas.portalemprego.com.br\/?p=5349"},"modified":"2026-04-29T06:29:29","modified_gmt":"2026-04-29T09:29:29","slug":"vendedor-de-pecas-de-moto-oficina-comercial-vendas-rio-de-janeiro","status":"publish","type":"post","link":"https:\/\/vagas.portalemprego.com.br\/?p=5349","title":{"rendered":"Vendedor de pe\u00e7as de Moto (Oficina) &#8211; Comercial, Vendas &#8211; Rio de Janeiro"},"content":{"rendered":"<p>Descri\u00e7\u00e3o\u00a0do\u00a0Cargo:\u00a0Necess\u00e1rio\u00a0experi\u00eancia\u00a0em\u00a0loja\u00a0de\u00a0pe\u00e7as\u00a0(Moto\u00a0ou\u00a0carro)<br \/>\nReceber\u00a0clientes,\u00a0abrir\u00a0e\u00a0fechar\u00a0ordem\u00a0de\u00a0servi\u00e7o.\u00a0Realizar\u00a0venda\u00a0t\u00e9cnica\u00a0de\u00a0pe\u00e7as\u00a0de\u00a0motos\u00a0e\u00a0acess\u00f3rios\u00a0em\u00a0geral;\u00a0Atendimento\u00a0a\u00a0clientes,\u00a0controle\u00a0do\u00a0estoque\u00a0e\u00a0demais\u00a0atividades\u00a0inerentes\u00a0a\u00a0fun\u00e7\u00e3o.\u00a0Venda\u00a0de\u00a0servi\u00e7os, emiss\u00e3o de NF.<br \/>\nExperi\u00eancias\u00a0desej\u00e1veis:<br \/>\n&#8211;\u00a0Possuir\u00a0experi\u00eancia\u00a0na\u00a0\u00e1rea.<br \/>\n&#8211;\u00a0Ensino\u00a0M\u00e9dio\u00a0Completo<br \/>\n&#8211;\u00a0Conhecimento\u00a0b\u00e1sico\u00a0de\u00a0motos,\u00a0pe\u00e7as.<br \/>\nForma\u00a0de\u00a0Trabalho:\u00a0Presencial\u00a0:\u00a0Bairro:\u00a0Botafogo<br \/>\nBenef\u00edcios:<br \/>\n&#8211;\u00a0Vale\u00a0Transporte<br \/>\n&#8211;\u00a0Vale\u00a0Refei\u00e7\u00e3o\u00a0R$\u00a023,00\/dia<br \/>\n-Bem\u00a0+\u00a0benef\u00edcios<br \/>\nSal\u00e1rio:\u00a0R$\u00a01.600,00\u00a0+\u00a0%\u00a0sob\u00a0todas\u00a0as\u00a0vendas\u00a0da\u00a0oficina\u00a0(M\u00e9dia\u00a0salarial\u00a0R$\u00a03.500,00\u00a0sem\u00a0teto)<br \/>\nHor\u00e1rio:<br \/>\nSegunda\u00a0\u00e0\u00a0sexta\u00a0das\u00a09:00\u00a0\u00e0s\u00a018:00\u00a0e\u00a0S\u00e1bado\u00a0das\u00a09:00\u00a0\u00e0s\u00a013:00<\/p>\n<ul>\n<li>Local de trabalho: Rio de Janeiro, RJ<\/li>\n<li>Regime de contrata\u00e7\u00e3o de tipo: Efetivo \u2013 CLT<\/li>\n<li>Jornada: Per\u00edodo Integral<\/li>\n<li>\u00c1rea e especializa\u00e7\u00e3o profissional: Comercial, Vendas &#8211; Atendimento<\/li>\n<li>N\u00edvel hier\u00e1rquico: Operacional<\/li>\n<\/ul>\n<p>VALORIZADO<\/p>\n<p>Tempo de experi\u00eancia: Entre 1 e 3 anos<\/p>\n<p>Escolaridade M\u00ednima: Ensino M\u00e9dio (2\u00ba Grau)<\/p>\n<p>Sal\u00e1rio: 3500,0<\/p>\n","protected":false},"excerpt":{"rendered":"<p>Descri\u00e7\u00e3o\u00a0do\u00a0Cargo:\u00a0Necess\u00e1rio\u00a0experi\u00eancia\u00a0em\u00a0loja\u00a0de\u00a0pe\u00e7as\u00a0(Moto\u00a0ou\u00a0carro) Receber\u00a0clientes,\u00a0abrir\u00a0e\u00a0fechar\u00a0ordem\u00a0de\u00a0servi\u00e7o.\u00a0Realizar\u00a0venda\u00a0t\u00e9cnica\u00a0de\u00a0pe\u00e7as\u00a0de\u00a0motos\u00a0e\u00a0acess\u00f3rios\u00a0em\u00a0geral;\u00a0Atendimento\u00a0a\u00a0clientes,\u00a0controle\u00a0do\u00a0estoque\u00a0e\u00a0demais\u00a0atividades\u00a0inerentes\u00a0a\u00a0fun\u00e7\u00e3o.\u00a0Venda\u00a0de\u00a0servi\u00e7os, emiss\u00e3o de NF. Experi\u00eancias\u00a0desej\u00e1veis: &#8211;\u00a0Possuir\u00a0experi\u00eancia\u00a0na\u00a0\u00e1rea. &#8211;\u00a0Ensino\u00a0M\u00e9dio\u00a0Completo &#8211;\u00a0Conhecimento\u00a0b\u00e1sico\u00a0de\u00a0motos,\u00a0pe\u00e7as. Forma\u00a0de\u00a0Trabalho:\u00a0Presencial\u00a0:\u00a0Bairro:\u00a0Botafogo Benef\u00edcios: &#8211;\u00a0Vale\u00a0Transporte &#8211;\u00a0Vale\u00a0Refei\u00e7\u00e3o\u00a0R$\u00a023,00\/dia -Bem\u00a0+\u00a0benef\u00edcios Sal\u00e1rio:\u00a0R$\u00a01.600,00\u00a0+\u00a0%\u00a0sob\u00a0todas\u00a0as\u00a0vendas\u00a0da\u00a0oficina\u00a0(M\u00e9dia\u00a0salarial\u00a0R$\u00a03.500,00\u00a0sem\u00a0teto) Hor\u00e1rio: Segunda\u00a0\u00e0\u00a0sexta\u00a0das\u00a09:00\u00a0\u00e0s\u00a018:00\u00a0e\u00a0S\u00e1bado\u00a0das\u00a09:00\u00a0\u00e0s\u00a013:00 Local de trabalho: Rio de Janeiro, RJ Regime de contrata\u00e7\u00e3o de tipo: Efetivo \u2013 CLT Jornada: Per\u00edodo Integral \u00c1rea e especializa\u00e7\u00e3o profissional: Comercial, Vendas &#8211; Atendimento N\u00edvel hier\u00e1rquico: Operacional VALORIZADO Tempo de experi\u00eancia: Entre 1 e 3 anos [&hellip;]<\/p>\n","protected":false},"author":1,"featured_media":0,"comment_status":"open","ping_status":"open","sticky":false,"template":"","format":"standard","meta":{"footnotes":""},"categories":[21],"tags":[],"class_list":["post-5349","post","type-post","status-publish","format-standard","hentry","category-rio-de-janeiro-rj"],"_links":{"self":[{"href":"https:\/\/vagas.portalemprego.com.br\/index.php?rest_route=\/wp\/v2\/posts\/5349","targetHints":{"allow":["GET"]}}],"collection":[{"href":"https:\/\/vagas.portalemprego.com.br\/index.php?rest_route=\/wp\/v2\/posts"}],"about":[{"href":"https:\/\/vagas.portalemprego.com.br\/index.php?rest_route=\/wp\/v2\/types\/post"}],"author":[{"embeddable":true,"href":"https:\/\/vagas.portalemprego.com.br\/index.php?rest_route=\/wp\/v2\/users\/1"}],"replies":[{"embeddable":true,"href":"https:\/\/vagas.portalemprego.com.br\/index.php?rest_route=%2Fwp%2Fv2%2Fcomments&post=5349"}],"version-history":[{"count":0,"href":"https:\/\/vagas.portalemprego.com.br\/index.php?rest_route=\/wp\/v2\/posts\/5349\/revisions"}],"wp:attachment":[{"href":"https:\/\/vagas.portalemprego.com.br\/index.php?rest_route=%2Fwp%2Fv2%2Fmedia&parent=5349"}],"wp:term":[{"taxonomy":"category","embeddable":true,"href":"https:\/\/vagas.portalemprego.com.br\/index.php?rest_route=%2Fwp%2Fv2%2Fcategories&post=5349"},{"taxonomy":"post_tag","embeddable":true,"href":"https:\/\/vagas.portalemprego.com.br\/index.php?rest_route=%2Fwp%2Fv2%2Ftags&post=5349"}],"curies":[{"name":"wp","href":"https:\/\/api.w.org\/{rel}","templated":true}]}}