{"id":5351,"date":"2026-04-29T06:30:30","date_gmt":"2026-04-29T09:30:30","guid":{"rendered":"https:\/\/vagas.portalemprego.com.br\/?p=5351"},"modified":"2026-04-29T06:30:30","modified_gmt":"2026-04-29T09:30:30","slug":"atendente-vilar-dos-teles-alimentacao-gastronomia-sao-joao-de-meriti","status":"publish","type":"post","link":"https:\/\/vagas.portalemprego.com.br\/?p=5351","title":{"rendered":"Atendente &#8211;  Vilar dos Teles &#8211; Alimenta\u00e7\u00e3o \/ Gastronomia &#8211; S\u00e3o Jo\u00e3o de Meriti"},"content":{"rendered":"<p>?? Vaga: Atendente<br \/>\nLocal: Av. Comendador Teles, 2320 \u2013 Vilar dos Teles<br \/>\nSal\u00e1rio: R$ 1.526,00<br \/>\nHor\u00e1rio: 16h \u00e0s 00h<br \/>\nEscala: 6&#215;1<br \/>\nDescri\u00e7\u00e3o das Atividades:<br \/>\nRealizar atendimento ao cliente com cordialidade e efici\u00eancia.<br \/>\nRegistrar pedidos no sistema e auxiliar no processo de entrega dos produtos.<br \/>\nManter a organiza\u00e7\u00e3o do sal\u00e3o, balc\u00e3o e \u00e1reas de atendimento.<br \/>\nApoiar na reposi\u00e7\u00e3o de itens, limpeza de utens\u00edlios e apoio operacional quando necess\u00e1rio.<br \/>\nSeguir padr\u00f5es de qualidade, atendimento e boas pr\u00e1ticas da empresa.<\/p>\n<ul>\n<li>N\u00famero de vagas: 2<\/li>\n<li>Local de trabalho: S\u00e3o Jo\u00e3o de Meriti, RJ<\/li>\n<li>Regime de contrata\u00e7\u00e3o de tipo: Efetivo \u2013 CLT<\/li>\n<li>Jornada: Parcial tardes<\/li>\n<li>\u00c1rea e especializa\u00e7\u00e3o profissional: Alimenta\u00e7\u00e3o \/ Gastronomia &#8211; Atendente \/ Recep\u00e7\u00e3o \/ Gar\u00e7om<\/li>\n<li>N\u00edvel hier\u00e1rquico: Auxiliar<\/li>\n<\/ul>\n<p>Escolaridade M\u00ednima: Ensino Fundamental (1\u00ba grau)<\/p>\n<p>Sal\u00e1rio: 1526,0<\/p>\n","protected":false},"excerpt":{"rendered":"<p>?? Vaga: Atendente Local: Av. Comendador Teles, 2320 \u2013 Vilar dos Teles Sal\u00e1rio: R$ 1.526,00 Hor\u00e1rio: 16h \u00e0s 00h Escala: 6&#215;1 Descri\u00e7\u00e3o das Atividades: Realizar atendimento ao cliente com cordialidade e efici\u00eancia. Registrar pedidos no sistema e auxiliar no processo de entrega dos produtos. Manter a organiza\u00e7\u00e3o do sal\u00e3o, balc\u00e3o e \u00e1reas de atendimento. Apoiar [&hellip;]<\/p>\n","protected":false},"author":1,"featured_media":0,"comment_status":"open","ping_status":"open","sticky":false,"template":"","format":"standard","meta":{"footnotes":""},"categories":[21],"tags":[],"class_list":["post-5351","post","type-post","status-publish","format-standard","hentry","category-rio-de-janeiro-rj"],"_links":{"self":[{"href":"https:\/\/vagas.portalemprego.com.br\/index.php?rest_route=\/wp\/v2\/posts\/5351","targetHints":{"allow":["GET"]}}],"collection":[{"href":"https:\/\/vagas.portalemprego.com.br\/index.php?rest_route=\/wp\/v2\/posts"}],"about":[{"href":"https:\/\/vagas.portalemprego.com.br\/index.php?rest_route=\/wp\/v2\/types\/post"}],"author":[{"embeddable":true,"href":"https:\/\/vagas.portalemprego.com.br\/index.php?rest_route=\/wp\/v2\/users\/1"}],"replies":[{"embeddable":true,"href":"https:\/\/vagas.portalemprego.com.br\/index.php?rest_route=%2Fwp%2Fv2%2Fcomments&post=5351"}],"version-history":[{"count":0,"href":"https:\/\/vagas.portalemprego.com.br\/index.php?rest_route=\/wp\/v2\/posts\/5351\/revisions"}],"wp:attachment":[{"href":"https:\/\/vagas.portalemprego.com.br\/index.php?rest_route=%2Fwp%2Fv2%2Fmedia&parent=5351"}],"wp:term":[{"taxonomy":"category","embeddable":true,"href":"https:\/\/vagas.portalemprego.com.br\/index.php?rest_route=%2Fwp%2Fv2%2Fcategories&post=5351"},{"taxonomy":"post_tag","embeddable":true,"href":"https:\/\/vagas.portalemprego.com.br\/index.php?rest_route=%2Fwp%2Fv2%2Ftags&post=5351"}],"curies":[{"name":"wp","href":"https:\/\/api.w.org\/{rel}","templated":true}]}}