{"id":5352,"date":"2026-04-29T06:30:30","date_gmt":"2026-04-29T09:30:30","guid":{"rendered":"https:\/\/vagas.portalemprego.com.br\/?p=5352"},"modified":"2026-04-29T06:30:30","modified_gmt":"2026-04-29T09:30:30","slug":"auxiliar-de-cozinha-vilar-dos-teles-alimentacao-gastronomia-sao-joao-de-meriti","status":"publish","type":"post","link":"https:\/\/vagas.portalemprego.com.br\/?p=5352","title":{"rendered":"Auxiliar de cozinha &#8211; Vilar dos Teles &#8211; Alimenta\u00e7\u00e3o \/ Gastronomia &#8211; S\u00e3o Jo\u00e3o de Meriti"},"content":{"rendered":"<p>?? Vaga: Auxiliar de Cozinha<br \/>\n Local: Av. Comendador Teles, 2320 \u2013 Vilar dos Teles<br \/>\n Sal\u00e1rio: R$ 1.526,00<br \/>\n Hor\u00e1rio: 16h \u00e0s 00h<br \/>\n Escala: 6&#215;1<br \/>\nDescri\u00e7\u00e3o das Atividades:<br \/>\nAuxiliar no preparo de alimentos conforme os padr\u00f5es da empresa.<br \/>\nOrganizar e higienizar utens\u00edlios, equipamentos e o ambiente de trabalho.<br \/>\nApoiar na montagem de pratos e no abastecimento da linha de produ\u00e7\u00e3o.<br \/>\nSeguir normas de manipula\u00e7\u00e3o, higiene e seguran\u00e7a alimentar.<br \/>\nRealizar atividades de apoio geral na cozinha, conforme demanda da equipe.<\/p>\n<ul>\n<li>N\u00famero de vagas: 4<\/li>\n<li>Local de trabalho: S\u00e3o Jo\u00e3o de Meriti, RJ<\/li>\n<li>Regime de contrata\u00e7\u00e3o de tipo: Efetivo \u2013 CLT<\/li>\n<li>Jornada: Parcial tardes<\/li>\n<li>\u00c1rea e especializa\u00e7\u00e3o profissional: Alimenta\u00e7\u00e3o \/ Gastronomia &#8211; Cozinha<\/li>\n<li>N\u00edvel hier\u00e1rquico: Auxiliar<\/li>\n<\/ul>\n<p>Escolaridade M\u00ednima: Ensino Fundamental (1\u00ba grau)<\/p>\n<p>Sal\u00e1rio: 1526,0<\/p>\n","protected":false},"excerpt":{"rendered":"<p>?? Vaga: Auxiliar de Cozinha Local: Av. Comendador Teles, 2320 \u2013 Vilar dos Teles Sal\u00e1rio: R$ 1.526,00 Hor\u00e1rio: 16h \u00e0s 00h Escala: 6&#215;1 Descri\u00e7\u00e3o das Atividades: Auxiliar no preparo de alimentos conforme os padr\u00f5es da empresa. Organizar e higienizar utens\u00edlios, equipamentos e o ambiente de trabalho. Apoiar na montagem de pratos e no abastecimento da [&hellip;]<\/p>\n","protected":false},"author":1,"featured_media":0,"comment_status":"open","ping_status":"open","sticky":false,"template":"","format":"standard","meta":{"footnotes":""},"categories":[21],"tags":[],"class_list":["post-5352","post","type-post","status-publish","format-standard","hentry","category-rio-de-janeiro-rj"],"_links":{"self":[{"href":"https:\/\/vagas.portalemprego.com.br\/index.php?rest_route=\/wp\/v2\/posts\/5352","targetHints":{"allow":["GET"]}}],"collection":[{"href":"https:\/\/vagas.portalemprego.com.br\/index.php?rest_route=\/wp\/v2\/posts"}],"about":[{"href":"https:\/\/vagas.portalemprego.com.br\/index.php?rest_route=\/wp\/v2\/types\/post"}],"author":[{"embeddable":true,"href":"https:\/\/vagas.portalemprego.com.br\/index.php?rest_route=\/wp\/v2\/users\/1"}],"replies":[{"embeddable":true,"href":"https:\/\/vagas.portalemprego.com.br\/index.php?rest_route=%2Fwp%2Fv2%2Fcomments&post=5352"}],"version-history":[{"count":0,"href":"https:\/\/vagas.portalemprego.com.br\/index.php?rest_route=\/wp\/v2\/posts\/5352\/revisions"}],"wp:attachment":[{"href":"https:\/\/vagas.portalemprego.com.br\/index.php?rest_route=%2Fwp%2Fv2%2Fmedia&parent=5352"}],"wp:term":[{"taxonomy":"category","embeddable":true,"href":"https:\/\/vagas.portalemprego.com.br\/index.php?rest_route=%2Fwp%2Fv2%2Fcategories&post=5352"},{"taxonomy":"post_tag","embeddable":true,"href":"https:\/\/vagas.portalemprego.com.br\/index.php?rest_route=%2Fwp%2Fv2%2Ftags&post=5352"}],"curies":[{"name":"wp","href":"https:\/\/api.w.org\/{rel}","templated":true}]}}