{"id":5355,"date":"2026-04-29T06:30:30","date_gmt":"2026-04-29T09:30:30","guid":{"rendered":"https:\/\/vagas.portalemprego.com.br\/?p=5355"},"modified":"2026-04-29T06:30:30","modified_gmt":"2026-04-29T09:30:30","slug":"operadora-de-cartao-atacadao-pcd-comercial-vendas-resende","status":"publish","type":"post","link":"https:\/\/vagas.portalemprego.com.br\/?p=5355","title":{"rendered":"Operador(a) de Cart\u00e3o &#8211; Atacad\u00e3o (PCD) &#8211; Comercial, Vendas &#8211; Resende"},"content":{"rendered":"<p>Atribui\u00e7\u00f5es:\u00a0<br \/>\n\u00a0<br \/>\nGerir\u00a0as\u00a0vendas\u00a0di\u00e1rias,\u00a0assegurando\u00a0o\u00a0cumprimento\u00a0das\u00a0metas\u00a0estabelecidas;\u00a0<br \/>\nRealizar\u00a0abordagem\u00a0proativa\u00a0e\u00a0atendimento\u00a0ao\u00a0cliente\u00a0dentro\u00a0das\u00a0lojas\u00a0do\u00a0Atacad\u00e3o;\u00a0<br \/>\nEfetuar\u00a0an\u00e1lise\u00a0de\u00a0cr\u00e9dito\u00a0e\u00a0inserir\u00a0as\u00a0propostas\u00a0no\u00a0sistema\u00a0para\u00a0formaliza\u00e7\u00e3o;\u00a0<br \/>\nIncentivar\u00a0e\u00a0monitorar\u00a0a\u00a0ativa\u00e7\u00e3o\u00a0dos\u00a0cart\u00f5es\u00a0pelos\u00a0clientes;\u00a0<br \/>\nAssegurar\u00a0a\u00a0organiza\u00e7\u00e3o\u00a0do\u00a0setor,\u00a0garantindo\u00a0um\u00a0ambiente\u00a0prop\u00edcio\u00a0para\u00a0as\u00a0vendas;\u00a0<br \/>\nEntregar\u00a0resultados\u00a0de\u00a0metas\u00a0de\u00a0vendas\u00a0e\u00a0participar\u00a0ativamente\u00a0das\u00a0campanhas\u00a0de\u00a0cart\u00e3o.\u00a0<br \/>\n\u00a0<br \/>\nRequisitos:\u00a0<br \/>\nEnsino\u00a0m\u00e9dio\u00a0completo;\u00a0<br \/>\nDisponibilidade\u00a0para\u00a0atuar\u00a0em\u00a0escala\u00a06&#215;1;\u00a0<br \/>\nAptid\u00e3o\u00a0para\u00a0atendimento\u00a0ao\u00a0cliente\u00a0e\u00a0vendas\u00a0de\u00a0produtos\u00a0financeiros.<\/p>\n<ul>\n<li>Local de trabalho: Resende, RJ<\/li>\n<li>Regime de contrata\u00e7\u00e3o de tipo: Efetivo \u2013 CLT<\/li>\n<li>Jornada: Per\u00edodo Integral<\/li>\n<li>\u00c1rea e especializa\u00e7\u00e3o profissional: Comercial, Vendas &#8211; Lojas \/ Shopping<\/li>\n<li>N\u00edvel hier\u00e1rquico: Operacional<\/li>\n<\/ul>\n<p>Escolaridade M\u00ednima: Ensino M\u00e9dio (2\u00ba Grau)<\/p>\n<ul>\n<li>Cooperativa de Cr\u00e9dito<\/li>\n<li>Refeit\u00f3rio no local<\/li>\n<li>Seguro de Vida<\/li>\n<li>Vale transporte<\/li>\n<li>Assist\u00eancia M\u00e9dica e Odontol\u00f3gica<\/li>\n<li>Enxoval de Beb\u00ea<\/li>\n<li>Cesta de Natal<\/li>\n<\/ul>\n","protected":false},"excerpt":{"rendered":"<p>Atribui\u00e7\u00f5es:\u00a0 \u00a0 Gerir\u00a0as\u00a0vendas\u00a0di\u00e1rias,\u00a0assegurando\u00a0o\u00a0cumprimento\u00a0das\u00a0metas\u00a0estabelecidas;\u00a0 Realizar\u00a0abordagem\u00a0proativa\u00a0e\u00a0atendimento\u00a0ao\u00a0cliente\u00a0dentro\u00a0das\u00a0lojas\u00a0do\u00a0Atacad\u00e3o;\u00a0 Efetuar\u00a0an\u00e1lise\u00a0de\u00a0cr\u00e9dito\u00a0e\u00a0inserir\u00a0as\u00a0propostas\u00a0no\u00a0sistema\u00a0para\u00a0formaliza\u00e7\u00e3o;\u00a0 Incentivar\u00a0e\u00a0monitorar\u00a0a\u00a0ativa\u00e7\u00e3o\u00a0dos\u00a0cart\u00f5es\u00a0pelos\u00a0clientes;\u00a0 Assegurar\u00a0a\u00a0organiza\u00e7\u00e3o\u00a0do\u00a0setor,\u00a0garantindo\u00a0um\u00a0ambiente\u00a0prop\u00edcio\u00a0para\u00a0as\u00a0vendas;\u00a0 Entregar\u00a0resultados\u00a0de\u00a0metas\u00a0de\u00a0vendas\u00a0e\u00a0participar\u00a0ativamente\u00a0das\u00a0campanhas\u00a0de\u00a0cart\u00e3o.\u00a0 \u00a0 Requisitos:\u00a0 Ensino\u00a0m\u00e9dio\u00a0completo;\u00a0 Disponibilidade\u00a0para\u00a0atuar\u00a0em\u00a0escala\u00a06&#215;1;\u00a0 Aptid\u00e3o\u00a0para\u00a0atendimento\u00a0ao\u00a0cliente\u00a0e\u00a0vendas\u00a0de\u00a0produtos\u00a0financeiros. Local de trabalho: Resende, RJ Regime de contrata\u00e7\u00e3o de tipo: Efetivo \u2013 CLT Jornada: Per\u00edodo Integral \u00c1rea e especializa\u00e7\u00e3o profissional: Comercial, Vendas &#8211; Lojas \/ Shopping N\u00edvel hier\u00e1rquico: Operacional Escolaridade M\u00ednima: Ensino M\u00e9dio (2\u00ba Grau) Cooperativa de Cr\u00e9dito Refeit\u00f3rio no local Seguro [&hellip;]<\/p>\n","protected":false},"author":1,"featured_media":0,"comment_status":"open","ping_status":"open","sticky":false,"template":"","format":"standard","meta":{"footnotes":""},"categories":[21],"tags":[],"class_list":["post-5355","post","type-post","status-publish","format-standard","hentry","category-rio-de-janeiro-rj"],"_links":{"self":[{"href":"https:\/\/vagas.portalemprego.com.br\/index.php?rest_route=\/wp\/v2\/posts\/5355","targetHints":{"allow":["GET"]}}],"collection":[{"href":"https:\/\/vagas.portalemprego.com.br\/index.php?rest_route=\/wp\/v2\/posts"}],"about":[{"href":"https:\/\/vagas.portalemprego.com.br\/index.php?rest_route=\/wp\/v2\/types\/post"}],"author":[{"embeddable":true,"href":"https:\/\/vagas.portalemprego.com.br\/index.php?rest_route=\/wp\/v2\/users\/1"}],"replies":[{"embeddable":true,"href":"https:\/\/vagas.portalemprego.com.br\/index.php?rest_route=%2Fwp%2Fv2%2Fcomments&post=5355"}],"version-history":[{"count":0,"href":"https:\/\/vagas.portalemprego.com.br\/index.php?rest_route=\/wp\/v2\/posts\/5355\/revisions"}],"wp:attachment":[{"href":"https:\/\/vagas.portalemprego.com.br\/index.php?rest_route=%2Fwp%2Fv2%2Fmedia&parent=5355"}],"wp:term":[{"taxonomy":"category","embeddable":true,"href":"https:\/\/vagas.portalemprego.com.br\/index.php?rest_route=%2Fwp%2Fv2%2Fcategories&post=5355"},{"taxonomy":"post_tag","embeddable":true,"href":"https:\/\/vagas.portalemprego.com.br\/index.php?rest_route=%2Fwp%2Fv2%2Ftags&post=5355"}],"curies":[{"name":"wp","href":"https:\/\/api.w.org\/{rel}","templated":true}]}}