{"id":5361,"date":"2026-04-29T06:30:30","date_gmt":"2026-04-29T09:30:30","guid":{"rendered":"https:\/\/vagas.portalemprego.com.br\/?p=5361"},"modified":"2026-04-29T06:30:30","modified_gmt":"2026-04-29T09:30:30","slug":"instalador-de-tv-a-cabo-cod1091-informatica-ti-telecomunicacoes-rio-de-janeiro","status":"publish","type":"post","link":"https:\/\/vagas.portalemprego.com.br\/?p=5361","title":{"rendered":"Instalador de TV a Cabo cod1091 &#8211; Inform\u00e1tica, TI, Telecomunica\u00e7\u00f5es &#8211; Rio de Janeiro"},"content":{"rendered":"<p>Vaga: Instalador de TV a Cabo<\/p>\n<p>Estamos com processo seletivo aberto para uma multinacional de grande porte que atua no segmento de telecomunica\u00e7\u00f5es.<\/p>\n<p>N\u00e3o \u00e9 necess\u00e1rio ter experi\u00eancia \u2014 a empresa oferece treinamento completo<br \/>\nVe\u00edculo fornecido pela empresa para realiza\u00e7\u00e3o das atividades<br \/>\nRequisitos:<br \/>\n &#8211; Ensino M\u00e9dio completo;<br \/>\n &#8211; CNH B Definitiva (Menos de 15 pontos);<br \/>\n &#8211; Disponibilidade de hor\u00e1rio;<br \/>\n &#8211; Possuir Garagem <\/p>\n<p>? Remunera\u00e7\u00e3o e Benef\u00edcios<\/p>\n<p>Sal\u00e1rio Fixo + Periculosidade + Produtividade<\/p>\n<p>Vale-refei\u00e7\u00e3o ou alimenta\u00e7\u00e3o:<\/p>\n<p>Conv\u00eanio M\u00e9dico<\/p>\n<p>Conv\u00eanio Odontol\u00f3gico<\/p>\n<p>Aux\u00edlio Farm\u00e1cia<\/p>\n<p>PPR<\/p>\n<p>Outros benef\u00edcios ser\u00e3o detalhados na entrevista<\/p>\n<p>Se interessou pela oportunidade?<br \/>\n?? Envie seu curr\u00edculo para prosseguirmos com o processo!<\/p>\n<ul>\n<li>N\u00famero de vagas: 50<\/li>\n<li>Local de trabalho: Rio de Janeiro, RJ<\/li>\n<li>Regime de contrata\u00e7\u00e3o de tipo: Efetivo \u2013 CLT<\/li>\n<li>Jornada: Per\u00edodo Integral<\/li>\n<li>\u00c1rea e especializa\u00e7\u00e3o profissional: Inform\u00e1tica, TI, Telecomunica\u00e7\u00f5es &#8211; Telecomunica\u00e7\u00f5es<\/li>\n<li>N\u00edvel hier\u00e1rquico: Operacional<\/li>\n<\/ul>\n<p>VALORIZADO<\/p>\n<p>Tempo de experi\u00eancia: Sem experi\u00eancia<\/p>\n<p>HABILIDADES<\/p>\n<ul>\n<li>CNH B ( DEFINITIVA COM MENOS DE 15 PONTOS)<\/li>\n<\/ul>\n<p>Escolaridade M\u00ednima: Ensino M\u00e9dio (2\u00ba Grau)<\/p>\n<p>Habilita\u00e7\u00e3o para dirigir: B<\/p>\n<ul>\n<li>Seguro de Vida<\/li>\n<li>VR<\/li>\n<li>CARRO DA EMPRESA<\/li>\n<li>CONVENIO MEDICO<\/li>\n<li>AUXILIO FARMACIA<\/li>\n<li>PPR<\/li>\n<li>CONVENIO ODONTOLOGICO<\/li>\n<\/ul>\n<p>Sal\u00e1rio: 4000,0<\/p>\n","protected":false},"excerpt":{"rendered":"<p>Vaga: Instalador de TV a Cabo Estamos com processo seletivo aberto para uma multinacional de grande porte que atua no segmento de telecomunica\u00e7\u00f5es. N\u00e3o \u00e9 necess\u00e1rio ter experi\u00eancia \u2014 a empresa oferece treinamento completo Ve\u00edculo fornecido pela empresa para realiza\u00e7\u00e3o das atividades Requisitos: &#8211; Ensino M\u00e9dio completo; &#8211; CNH B Definitiva (Menos de 15 pontos); [&hellip;]<\/p>\n","protected":false},"author":1,"featured_media":0,"comment_status":"open","ping_status":"open","sticky":false,"template":"","format":"standard","meta":{"footnotes":""},"categories":[21],"tags":[],"class_list":["post-5361","post","type-post","status-publish","format-standard","hentry","category-rio-de-janeiro-rj"],"_links":{"self":[{"href":"https:\/\/vagas.portalemprego.com.br\/index.php?rest_route=\/wp\/v2\/posts\/5361","targetHints":{"allow":["GET"]}}],"collection":[{"href":"https:\/\/vagas.portalemprego.com.br\/index.php?rest_route=\/wp\/v2\/posts"}],"about":[{"href":"https:\/\/vagas.portalemprego.com.br\/index.php?rest_route=\/wp\/v2\/types\/post"}],"author":[{"embeddable":true,"href":"https:\/\/vagas.portalemprego.com.br\/index.php?rest_route=\/wp\/v2\/users\/1"}],"replies":[{"embeddable":true,"href":"https:\/\/vagas.portalemprego.com.br\/index.php?rest_route=%2Fwp%2Fv2%2Fcomments&post=5361"}],"version-history":[{"count":0,"href":"https:\/\/vagas.portalemprego.com.br\/index.php?rest_route=\/wp\/v2\/posts\/5361\/revisions"}],"wp:attachment":[{"href":"https:\/\/vagas.portalemprego.com.br\/index.php?rest_route=%2Fwp%2Fv2%2Fmedia&parent=5361"}],"wp:term":[{"taxonomy":"category","embeddable":true,"href":"https:\/\/vagas.portalemprego.com.br\/index.php?rest_route=%2Fwp%2Fv2%2Fcategories&post=5361"},{"taxonomy":"post_tag","embeddable":true,"href":"https:\/\/vagas.portalemprego.com.br\/index.php?rest_route=%2Fwp%2Fv2%2Ftags&post=5361"}],"curies":[{"name":"wp","href":"https:\/\/api.w.org\/{rel}","templated":true}]}}