{"id":5362,"date":"2026-04-29T06:30:30","date_gmt":"2026-04-29T09:30:30","guid":{"rendered":"https:\/\/vagas.portalemprego.com.br\/?p=5362"},"modified":"2026-04-29T06:30:30","modified_gmt":"2026-04-29T09:30:30","slug":"repositor-de-hortifruti-comercial-vendas-teresopolis-2","status":"publish","type":"post","link":"https:\/\/vagas.portalemprego.com.br\/?p=5362","title":{"rendered":"REPOSITOR DE HORTIFRUTI &#8211; Comercial, Vendas &#8211; Teres\u00f3polis"},"content":{"rendered":"<p>Repositor de Hortigruti<br \/>\nEste \u00e9 um papel fundamental para garantir que nossos corredores de frutas e vegetais estejam sempre abastecidos e apresentados de forma atraente.<br \/>\nO candidato certo ser\u00e1 respons\u00e1vel por manter a organiza\u00e7\u00e3o e a qualidade dos produtos, colaborando com a equipe de vendas e garantindo um ambiente de trabalho limpo e eficiente.<\/p>\n<p>Voc\u00ea ser\u00e1 respons\u00e1vel por colocar produtos frescos nas prateleiras, garantir que as mercadorias estejam devidamente rotuladas e organizadas, e remover quaisquer itens que estejam fora do padr\u00e3o de qualidade.<br \/>\nAl\u00e9m disso, voc\u00ea ajudar\u00e1 a manter o estoque atualizado, realizando invent\u00e1rios regulares e comunicando quaisquer necessidades de reabastecimento \u00e0 equipe de gerenciamento.<\/p>\n<p>Experi\u00eancia pr\u00e9via  em cortes de frutas e legumes<br \/>\nO candidato ideal ser\u00e1 algu\u00e9m com uma atitude positiva, aten\u00e7\u00e3o aos detalhes e uma capacidade de trabalhar em equipe.<\/p>\n<ul>\n<li>Local de trabalho: Teres\u00f3polis, RJ<\/li>\n<li>Regime de contrata\u00e7\u00e3o de tipo: Efetivo \u2013 CLT<\/li>\n<li>Jornada: Per\u00edodo Integral<\/li>\n<li>\u00c1rea e especializa\u00e7\u00e3o profissional: Comercial, Vendas &#8211; Atendimento<\/li>\n<li>N\u00edvel hier\u00e1rquico: Operacional<\/li>\n<\/ul>\n<p>VALORIZADO<\/p>\n<p>Tempo de experi\u00eancia: Entre 1 e 3 anos<\/p>\n<p>HABILIDADES<\/p>\n<ul>\n<li>Organiza\u00e7\u00e3o<\/li>\n<li>Corte de legumes e frutas<\/li>\n<\/ul>\n<p>Escolaridade M\u00ednima: Ensino Fundamental (1\u00ba grau)<\/p>\n<p>Sal\u00e1rio: 1724,0<\/p>\n","protected":false},"excerpt":{"rendered":"<p>Repositor de Hortigruti Este \u00e9 um papel fundamental para garantir que nossos corredores de frutas e vegetais estejam sempre abastecidos e apresentados de forma atraente. O candidato certo ser\u00e1 respons\u00e1vel por manter a organiza\u00e7\u00e3o e a qualidade dos produtos, colaborando com a equipe de vendas e garantindo um ambiente de trabalho limpo e eficiente. Voc\u00ea [&hellip;]<\/p>\n","protected":false},"author":1,"featured_media":0,"comment_status":"open","ping_status":"open","sticky":false,"template":"","format":"standard","meta":{"footnotes":""},"categories":[21],"tags":[],"class_list":["post-5362","post","type-post","status-publish","format-standard","hentry","category-rio-de-janeiro-rj"],"_links":{"self":[{"href":"https:\/\/vagas.portalemprego.com.br\/index.php?rest_route=\/wp\/v2\/posts\/5362","targetHints":{"allow":["GET"]}}],"collection":[{"href":"https:\/\/vagas.portalemprego.com.br\/index.php?rest_route=\/wp\/v2\/posts"}],"about":[{"href":"https:\/\/vagas.portalemprego.com.br\/index.php?rest_route=\/wp\/v2\/types\/post"}],"author":[{"embeddable":true,"href":"https:\/\/vagas.portalemprego.com.br\/index.php?rest_route=\/wp\/v2\/users\/1"}],"replies":[{"embeddable":true,"href":"https:\/\/vagas.portalemprego.com.br\/index.php?rest_route=%2Fwp%2Fv2%2Fcomments&post=5362"}],"version-history":[{"count":0,"href":"https:\/\/vagas.portalemprego.com.br\/index.php?rest_route=\/wp\/v2\/posts\/5362\/revisions"}],"wp:attachment":[{"href":"https:\/\/vagas.portalemprego.com.br\/index.php?rest_route=%2Fwp%2Fv2%2Fmedia&parent=5362"}],"wp:term":[{"taxonomy":"category","embeddable":true,"href":"https:\/\/vagas.portalemprego.com.br\/index.php?rest_route=%2Fwp%2Fv2%2Fcategories&post=5362"},{"taxonomy":"post_tag","embeddable":true,"href":"https:\/\/vagas.portalemprego.com.br\/index.php?rest_route=%2Fwp%2Fv2%2Ftags&post=5362"}],"curies":[{"name":"wp","href":"https:\/\/api.w.org\/{rel}","templated":true}]}}