{"id":5363,"date":"2026-04-29T06:30:30","date_gmt":"2026-04-29T09:30:30","guid":{"rendered":"https:\/\/vagas.portalemprego.com.br\/?p=5363"},"modified":"2026-04-29T06:30:30","modified_gmt":"2026-04-29T09:30:30","slug":"recepcionista-hospitalar-teresopolis-rj-hotelaria-turismo-teresopolis","status":"publish","type":"post","link":"https:\/\/vagas.portalemprego.com.br\/?p=5363","title":{"rendered":"Recepcionista Hospitalar &#8211; Teres\u00f3polis\/RJ &#8211; Hotelaria, Turismo &#8211; Teres\u00f3polis"},"content":{"rendered":"<p>Hor\u00e1rio de trabalho: 9h \u00e0s 17h20 (escala 6&#215;1)<br \/>\nFa\u00e7a parte da \u00e1rea de atendimento da maior rede de sa\u00fade integrada do Brasil.<br \/>\nVoc\u00ea\u00a0tem\u00a0paix\u00e3o\u00a0pelas\u00a0pessoas\u00a0e\u00a0gosta\u00a0de\u00a0cuidar\u00a0de\u00a0gente?\u00a0<br \/>\nNa\u00a0Dasa,\u00a0al\u00e9m\u00a0de\u00a0uma\u00a0empresa\u00a0reconhecida\u00a0em\u00a0gest\u00e3o\u00a0em\u00a0cuidados,\u00a0contamos\u00a0com\u00a0mais\u00a0de\u00a059\u00a0marcas\u00a0entre\u00a0medicina\u00a0diagn\u00f3stica\u00a0e\u00a0hospitais,\u00a0distribu\u00eddas\u00a0em\u00a0mais\u00a0de\u00a0900\u00a0unidades\u00a0no\u00a0Brasil.\u00a0Cuidamos\u00a0e\u00a0acolhemos\u00a0mais\u00a0de\u00a020\u00a0milh\u00f5es\u00a0de\u00a0pessoas\u00a0por\u00a0ano,\u00a0acolhemos\u00a0a\u00a0vida,\u00a0a\u00a0sa\u00fade\u00a0e\u00a0as\u00a0rela\u00e7\u00f5es,\u00a0de\u00a0forma\u00a0integral\u00a0e\u00a0apaixonada.<\/p>\n<p>Responsabilidades\u00a0e\u00a0atribui\u00e7\u00f5es:\u00a0<br \/>\nReceber os(as) pacientes e visitantes nas unidades;<br \/>\nSeguir a escala de cobertura de postos;<br \/>\nRealizar a abertura das fichas de cadastro, verificando as autoriza\u00e7\u00f5es de conv\u00eanios e seguradoras, os preparos solicitados, medica\u00e7\u00f5es utilizadas e a forma de entrega de resultados;<br \/>\nApoio e acionamento na triagem no direcionamento dos pacientes;<br \/>\nEmitir comprovantes e receber pagamentos, quando necess\u00e1rio;<br \/>\nAgendar exames espec\u00edficos na unidade;<br \/>\nAdmiss\u00e3o em sistema do paciente ambulatorial. <\/p>\n<p>Requisitos\u00a0e\u00a0qualifica\u00e7\u00f5es:\u00a0<br \/>\nForma\u00e7\u00e3o: Ensino m\u00e9dio completo e ser maior de 18 anos.<br \/>\nDesej\u00e1vel experi\u00eancia com atendimento ao p\u00fablico e autoriza\u00e7\u00e3o de exames.<br \/>\n&#8211;\u00a0Informa\u00e7\u00f5es\u00a0adicionais:\u00a0<br \/>\n\u00c9\u00a0cuidando\u00a0da\u00a0nossa\u00a0gente\u00a0que\u00a0vamos\u00a0ser\u00a0a\u00a0sa\u00fade\u00a0que\u00a0as\u00a0pessoas\u00a0desejam\u00a0e\u00a0que\u00a0o\u00a0mundo\u00a0precisa,\u00a0confira\u00a0os\u00a0nossos\u00a0benef\u00edcios:<br \/>\nCuidados\u00a0com\u00a0a\u00a0alimenta\u00e7\u00e3o:\u00a0Vale\u00a0Refei\u00e7\u00e3o\/Vale\u00a0Alimenta\u00e7\u00e3o\u00a0ou\u00a0Refeit\u00f3rio\u00a0no\u00a0local\u00a0de\u00a0trabalho\u00a0(de\u00a0acordo\u00a0com\u00a0a\u00a0localidade);<br \/>\nCuidados\u00a0com\u00a0a\u00a0sa\u00fade:\u00a0Plano\u00a0de\u00a0Sa\u00fade\u00a0e\u00a0Seguro\u00a0de\u00a0Vida;<br \/>\nCuidados\u00a0com\u00a0o\u00a0seu\u00a0desenvolvimento:\u00a0Universidade\u00a0Dasa,\u00a0Ciclo\u00a0de\u00a0Desenvolvimento\u00a0e\u00a0Carreira,\u00a0Academias\u00a0de\u00a0Tecnologia\/PMAX\u00a0e\u00a0Programa\u00a0Crescer\u00a0dentro\u00a0da\u00a0Dasa;<br \/>\nOutros:\u00a0Vale\u00a0Transporte\u00a0e\u00a0Bonifica\u00e7\u00e3o\u00a0por\u00a0desempenho\u00a0(PPR).<br \/>\nS\u00f3\u00a0a\u00a0Dasa\u00a0tem\u00a0\u2013\u00a0Programa\u00a0de\u00a0Sa\u00fade\u00a0,\u00a0pautado\u00a0em\u00a05\u00a0pilares:<br \/>\nEspiritual:\u00a0yoga,\u00a0medita\u00e7\u00e3o\u00a0e\u00a0mindfulness;<br \/>\nF\u00edsico:\u00a0Totalpass,\u00a0cl\u00ednica\u00a0de\u00a0aten\u00e7\u00e3o\u00a0prim\u00e1ria,\u00a0descontos\u00a0em\u00a0exames\u00a0e\u00a0vacinas;<br \/>\nIntelectual:\u00a0Universidade\u00a0Dasa;<br \/>\nRelacional:\u00a0Clube\u00a0de\u00a0vantagens\u00a0UAU\u00a0e\u00a0benef\u00edcios\u00a0SESC;<br \/>\nEmocional:\u00a0Telepsicologia.<\/p>\n<p>*Os\u00a0benef\u00edcios\u00a0podem\u00a0sofrer\u00a0altera\u00e7\u00e3o\u00a0de\u00a0acordo\u00a0com\u00a0a\u00a0regi\u00e3o\u00a0da\u00a0vaga\u00a0e\u00a0da\u00a0marca.<\/p>\n<ul>\n<li>Local de trabalho: Teres\u00f3polis, RJ<\/li>\n<li>Regime de contrata\u00e7\u00e3o de tipo: Efetivo \u2013 CLT<\/li>\n<li>Jornada: Per\u00edodo Integral<\/li>\n<li>\u00c1rea e especializa\u00e7\u00e3o profissional: Hotelaria, Turismo &#8211; Recep\u00e7\u00e3o<\/li>\n<li>N\u00edvel hier\u00e1rquico: Operacional<\/li>\n<\/ul>\n<p>Escolaridade M\u00ednima: Ensino M\u00e9dio (2\u00ba Grau)<\/p>\n","protected":false},"excerpt":{"rendered":"<p>Hor\u00e1rio de trabalho: 9h \u00e0s 17h20 (escala 6&#215;1) Fa\u00e7a parte da \u00e1rea de atendimento da maior rede de sa\u00fade integrada do Brasil. Voc\u00ea\u00a0tem\u00a0paix\u00e3o\u00a0pelas\u00a0pessoas\u00a0e\u00a0gosta\u00a0de\u00a0cuidar\u00a0de\u00a0gente?\u00a0 Na\u00a0Dasa,\u00a0al\u00e9m\u00a0de\u00a0uma\u00a0empresa\u00a0reconhecida\u00a0em\u00a0gest\u00e3o\u00a0em\u00a0cuidados,\u00a0contamos\u00a0com\u00a0mais\u00a0de\u00a059\u00a0marcas\u00a0entre\u00a0medicina\u00a0diagn\u00f3stica\u00a0e\u00a0hospitais,\u00a0distribu\u00eddas\u00a0em\u00a0mais\u00a0de\u00a0900\u00a0unidades\u00a0no\u00a0Brasil.\u00a0Cuidamos\u00a0e\u00a0acolhemos\u00a0mais\u00a0de\u00a020\u00a0milh\u00f5es\u00a0de\u00a0pessoas\u00a0por\u00a0ano,\u00a0acolhemos\u00a0a\u00a0vida,\u00a0a\u00a0sa\u00fade\u00a0e\u00a0as\u00a0rela\u00e7\u00f5es,\u00a0de\u00a0forma\u00a0integral\u00a0e\u00a0apaixonada. Responsabilidades\u00a0e\u00a0atribui\u00e7\u00f5es:\u00a0 Receber os(as) pacientes e visitantes nas unidades; Seguir a escala de cobertura de postos; Realizar a abertura das fichas de cadastro, verificando as autoriza\u00e7\u00f5es de conv\u00eanios e seguradoras, os preparos [&hellip;]<\/p>\n","protected":false},"author":1,"featured_media":0,"comment_status":"open","ping_status":"open","sticky":false,"template":"","format":"standard","meta":{"footnotes":""},"categories":[21],"tags":[],"class_list":["post-5363","post","type-post","status-publish","format-standard","hentry","category-rio-de-janeiro-rj"],"_links":{"self":[{"href":"https:\/\/vagas.portalemprego.com.br\/index.php?rest_route=\/wp\/v2\/posts\/5363","targetHints":{"allow":["GET"]}}],"collection":[{"href":"https:\/\/vagas.portalemprego.com.br\/index.php?rest_route=\/wp\/v2\/posts"}],"about":[{"href":"https:\/\/vagas.portalemprego.com.br\/index.php?rest_route=\/wp\/v2\/types\/post"}],"author":[{"embeddable":true,"href":"https:\/\/vagas.portalemprego.com.br\/index.php?rest_route=\/wp\/v2\/users\/1"}],"replies":[{"embeddable":true,"href":"https:\/\/vagas.portalemprego.com.br\/index.php?rest_route=%2Fwp%2Fv2%2Fcomments&post=5363"}],"version-history":[{"count":0,"href":"https:\/\/vagas.portalemprego.com.br\/index.php?rest_route=\/wp\/v2\/posts\/5363\/revisions"}],"wp:attachment":[{"href":"https:\/\/vagas.portalemprego.com.br\/index.php?rest_route=%2Fwp%2Fv2%2Fmedia&parent=5363"}],"wp:term":[{"taxonomy":"category","embeddable":true,"href":"https:\/\/vagas.portalemprego.com.br\/index.php?rest_route=%2Fwp%2Fv2%2Fcategories&post=5363"},{"taxonomy":"post_tag","embeddable":true,"href":"https:\/\/vagas.portalemprego.com.br\/index.php?rest_route=%2Fwp%2Fv2%2Ftags&post=5363"}],"curies":[{"name":"wp","href":"https:\/\/api.w.org\/{rel}","templated":true}]}}