{"id":5365,"date":"2026-04-29T06:30:30","date_gmt":"2026-04-29T09:30:30","guid":{"rendered":"https:\/\/vagas.portalemprego.com.br\/?p=5365"},"modified":"2026-04-29T06:30:30","modified_gmt":"2026-04-29T09:30:30","slug":"eletricista-de-distribuicao-volta-redonda-construcao-manutencao-volta-redonda","status":"publish","type":"post","link":"https:\/\/vagas.portalemprego.com.br\/?p=5365","title":{"rendered":"Eletricista de Distribui\u00e7\u00e3o (Volta Redonda) &#8211; Constru\u00e7\u00e3o, Manuten\u00e7\u00e3o &#8211; Volta Redonda"},"content":{"rendered":"<p>Responsabilidades e Atribui\u00e7\u00f5es<\/p>\n<p>Seus desafios ser\u00e3o:?<br \/>\nRealizar inspe\u00e7\u00e3o e normaliza\u00e7\u00e3o da unidade consumidora de clientes;?<br \/>\nParticipar dos DDS;?<br \/>\nGarantir a qualidade dos servi\u00e7os e emprego dos materiais \/ equipamentos adquiridos pela empresa;?<br \/>\nRealizar procedimentos de seguran\u00e7a;?<br \/>\nAtendimento de reclama\u00e7\u00f5es e ouvidorias.?<\/p>\n<p>Forma\u00e7\u00e3o:<br \/>\nEnsino M\u00e9dio Completo (Obrigat\u00f3rio)<\/p>\n<p>Ensino T\u00e9cnico Completo (Eletrot\u00e9cnica \/ Eletr\u00f4nica \/ Eletromec\u00e2nico) (Desej\u00e1vel)<br \/>\nCom Registro Profissional Ativo (Desej\u00e1vel)<\/p>\n<p>Requisitos Necess\u00e1rios:<br \/>\nPacote Office &#8211; Basico (Word, Excel, PowerPoint)<\/p>\n<p>Conhecimentos Desej\u00e1veis (N\u00e3o Obrigat\u00f3rio):<br \/>\nAutoCAD<br \/>\nSAP<br \/>\nCNH B<\/p>\n<p>Perfil desejado: Buscamos profissionais com experi\u00eancia como Eletricista. <\/p>\n<p>Se voc\u00ea se encaixa neste perfil, venha fazer parte da nossa equipe e contribuir para o crescimento da empresa. Estamos ansiosos para conhecer sua experi\u00eancia e vis\u00e3o para transformar os desafios em solu\u00e7\u00f5es!<\/p>\n<ul>\n<li>N\u00famero de vagas: 10<\/li>\n<li>Local de trabalho: Volta Redonda, RJ<\/li>\n<li>Regime de contrata\u00e7\u00e3o de tipo: Outros<\/li>\n<li>Jornada: Per\u00edodo Integral<\/li>\n<li>\u00c1rea e especializa\u00e7\u00e3o profissional: Constru\u00e7\u00e3o, Manuten\u00e7\u00e3o &#8211; Eletricista \/ Manuten\u00e7\u00e3o El\u00e9trica<\/li>\n<li>N\u00edvel hier\u00e1rquico: Operacional<\/li>\n<\/ul>\n<p>HABILIDADES<\/p>\n<ul>\n<li>Esquemas de Liga\u00e7\u00e3o de Medi\u00e7\u00e3o direta e indireta<\/li>\n<li>Pacote Office &#8211; Intermedi\u00e1rio<\/li>\n<\/ul>\n<p>Escolaridade M\u00ednima: Curso T\u00e9cnico<\/p>\n<p>Forma\u00e7\u00e3o desejada:<\/p>\n<ul>\n<li>Eletromec\u00e2nica, Curso T\u00e9cnico<\/li>\n<li>Eletrot\u00e9cnica, Curso T\u00e9cnico<\/li>\n<li>Eletroeletr\u00f4nica, Curso T\u00e9cnico<\/li>\n<li>Eletr\u00f4nica, Curso T\u00e9cnico<\/li>\n<\/ul>\n<p>Habilita\u00e7\u00e3o para dirigir: B, D<\/p>\n<ul>\n<li>Assist\u00eancia m\u00e9dica<\/li>\n<li>Participa\u00e7\u00e3o nos Lucros ou Resultados<\/li>\n<li>Seguro de Vida<\/li>\n<li>Assist\u00eancia odontol\u00f3gica<\/li>\n<li>Previd\u00eancia Privada<\/li>\n<li>Vale-refei\u00e7\u00e3o<\/li>\n<li>Conv\u00eanio com empresas parceiras<\/li>\n<li>Wellhub (Gympass)<\/li>\n<li>Programa de treinamentos<\/li>\n<\/ul>\n<p>Sal\u00e1rio: 3000,0<\/p>\n","protected":false},"excerpt":{"rendered":"<p>Responsabilidades e Atribui\u00e7\u00f5es Seus desafios ser\u00e3o:? Realizar inspe\u00e7\u00e3o e normaliza\u00e7\u00e3o da unidade consumidora de clientes;? Participar dos DDS;? Garantir a qualidade dos servi\u00e7os e emprego dos materiais \/ equipamentos adquiridos pela empresa;? Realizar procedimentos de seguran\u00e7a;? Atendimento de reclama\u00e7\u00f5es e ouvidorias.? Forma\u00e7\u00e3o: Ensino M\u00e9dio Completo (Obrigat\u00f3rio) Ensino T\u00e9cnico Completo (Eletrot\u00e9cnica \/ Eletr\u00f4nica \/ Eletromec\u00e2nico) (Desej\u00e1vel) [&hellip;]<\/p>\n","protected":false},"author":1,"featured_media":0,"comment_status":"open","ping_status":"open","sticky":false,"template":"","format":"standard","meta":{"footnotes":""},"categories":[21],"tags":[],"class_list":["post-5365","post","type-post","status-publish","format-standard","hentry","category-rio-de-janeiro-rj"],"_links":{"self":[{"href":"https:\/\/vagas.portalemprego.com.br\/index.php?rest_route=\/wp\/v2\/posts\/5365","targetHints":{"allow":["GET"]}}],"collection":[{"href":"https:\/\/vagas.portalemprego.com.br\/index.php?rest_route=\/wp\/v2\/posts"}],"about":[{"href":"https:\/\/vagas.portalemprego.com.br\/index.php?rest_route=\/wp\/v2\/types\/post"}],"author":[{"embeddable":true,"href":"https:\/\/vagas.portalemprego.com.br\/index.php?rest_route=\/wp\/v2\/users\/1"}],"replies":[{"embeddable":true,"href":"https:\/\/vagas.portalemprego.com.br\/index.php?rest_route=%2Fwp%2Fv2%2Fcomments&post=5365"}],"version-history":[{"count":0,"href":"https:\/\/vagas.portalemprego.com.br\/index.php?rest_route=\/wp\/v2\/posts\/5365\/revisions"}],"wp:attachment":[{"href":"https:\/\/vagas.portalemprego.com.br\/index.php?rest_route=%2Fwp%2Fv2%2Fmedia&parent=5365"}],"wp:term":[{"taxonomy":"category","embeddable":true,"href":"https:\/\/vagas.portalemprego.com.br\/index.php?rest_route=%2Fwp%2Fv2%2Fcategories&post=5365"},{"taxonomy":"post_tag","embeddable":true,"href":"https:\/\/vagas.portalemprego.com.br\/index.php?rest_route=%2Fwp%2Fv2%2Ftags&post=5365"}],"curies":[{"name":"wp","href":"https:\/\/api.w.org\/{rel}","templated":true}]}}