{"id":5366,"date":"2026-04-29T06:30:30","date_gmt":"2026-04-29T09:30:30","guid":{"rendered":"https:\/\/vagas.portalemprego.com.br\/?p=5366"},"modified":"2026-04-29T06:30:30","modified_gmt":"2026-04-29T09:30:30","slug":"consultor-de-vendas-tecnicas-paineis-eletricos-comercial-vendas-rio-de-janeiro","status":"publish","type":"post","link":"https:\/\/vagas.portalemprego.com.br\/?p=5366","title":{"rendered":"Consultor de Vendas T\u00e9cnicas | Pain\u00e9is El\u00e9tricos &#8211; Comercial, Vendas &#8211; Rio de Janeiro"},"content":{"rendered":"<p>Estamos em busca de CONSULTORES DE VENDAS T\u00c9CNICAS com conhecimento em pain\u00e9is e comandos el\u00e9tricos e de apoio eletrot\u00e9cnicos.<\/p>\n<p>Responsabilidades:<br \/>\nVendas consultivas e prospec\u00e7\u00e3o de novos clientes;<br \/>\nAcompanhamento t\u00e9cnico e comercial das negocia\u00e7\u00f5es;<br \/>\nSuporte aos clientes e p\u00f3s-venda.<\/p>\n<p>Requisitos:<br \/>\nCurso t\u00e9cnico em Eletrot\u00e9cnica ou experi\u00eancia com pain\u00e9is el\u00e9tricos;<br \/>\nViv\u00eancia em empresas do ramo el\u00e9trico;<br \/>\nExperi\u00eancia\u00a0na\u00a0\u00e1rea\u00a0de\u00a0vendas\u00a0t\u00e9cnicas\u00a0e\u00a0consultivas;<br \/>\nEstabilidade e resid\u00eancia pr\u00f3xima \u00e0 regi\u00e3o.<\/p>\n<p>Sal\u00e1rio:<br \/>\nPiso da categoria + Bonifica\u00e7\u00e3o atrativa por metas alcan\u00e7adas<\/p>\n<ul>\n<li>N\u00famero de vagas: 4<\/li>\n<li>Local de trabalho: Rio de Janeiro, RJ<\/li>\n<li>Regime de contrata\u00e7\u00e3o de tipo: Efetivo \u2013 CLT<\/li>\n<li>Jornada: Per\u00edodo Integral<\/li>\n<li>\u00c1rea e especializa\u00e7\u00e3o profissional: Comercial, Vendas &#8211; Venda T\u00e9cnica<\/li>\n<li>N\u00edvel hier\u00e1rquico: Consultor<\/li>\n<\/ul>\n<p>Escolaridade M\u00ednima: Curso T\u00e9cnico<\/p>\n<p>Forma\u00e7\u00e3o desejada:<\/p>\n<ul>\n<li>Eletrot\u00e9cnica, Curso T\u00e9cnico<\/li>\n<\/ul>\n","protected":false},"excerpt":{"rendered":"<p>Estamos em busca de CONSULTORES DE VENDAS T\u00c9CNICAS com conhecimento em pain\u00e9is e comandos el\u00e9tricos e de apoio eletrot\u00e9cnicos. Responsabilidades: Vendas consultivas e prospec\u00e7\u00e3o de novos clientes; Acompanhamento t\u00e9cnico e comercial das negocia\u00e7\u00f5es; Suporte aos clientes e p\u00f3s-venda. Requisitos: Curso t\u00e9cnico em Eletrot\u00e9cnica ou experi\u00eancia com pain\u00e9is el\u00e9tricos; Viv\u00eancia em empresas do ramo el\u00e9trico; Experi\u00eancia\u00a0na\u00a0\u00e1rea\u00a0de\u00a0vendas\u00a0t\u00e9cnicas\u00a0e\u00a0consultivas; [&hellip;]<\/p>\n","protected":false},"author":1,"featured_media":0,"comment_status":"open","ping_status":"open","sticky":false,"template":"","format":"standard","meta":{"footnotes":""},"categories":[21],"tags":[],"class_list":["post-5366","post","type-post","status-publish","format-standard","hentry","category-rio-de-janeiro-rj"],"_links":{"self":[{"href":"https:\/\/vagas.portalemprego.com.br\/index.php?rest_route=\/wp\/v2\/posts\/5366","targetHints":{"allow":["GET"]}}],"collection":[{"href":"https:\/\/vagas.portalemprego.com.br\/index.php?rest_route=\/wp\/v2\/posts"}],"about":[{"href":"https:\/\/vagas.portalemprego.com.br\/index.php?rest_route=\/wp\/v2\/types\/post"}],"author":[{"embeddable":true,"href":"https:\/\/vagas.portalemprego.com.br\/index.php?rest_route=\/wp\/v2\/users\/1"}],"replies":[{"embeddable":true,"href":"https:\/\/vagas.portalemprego.com.br\/index.php?rest_route=%2Fwp%2Fv2%2Fcomments&post=5366"}],"version-history":[{"count":0,"href":"https:\/\/vagas.portalemprego.com.br\/index.php?rest_route=\/wp\/v2\/posts\/5366\/revisions"}],"wp:attachment":[{"href":"https:\/\/vagas.portalemprego.com.br\/index.php?rest_route=%2Fwp%2Fv2%2Fmedia&parent=5366"}],"wp:term":[{"taxonomy":"category","embeddable":true,"href":"https:\/\/vagas.portalemprego.com.br\/index.php?rest_route=%2Fwp%2Fv2%2Fcategories&post=5366"},{"taxonomy":"post_tag","embeddable":true,"href":"https:\/\/vagas.portalemprego.com.br\/index.php?rest_route=%2Fwp%2Fv2%2Ftags&post=5366"}],"curies":[{"name":"wp","href":"https:\/\/api.w.org\/{rel}","templated":true}]}}