{"id":5367,"date":"2026-04-29T06:30:30","date_gmt":"2026-04-29T09:30:30","guid":{"rendered":"https:\/\/vagas.portalemprego.com.br\/?p=5367"},"modified":"2026-04-29T06:30:30","modified_gmt":"2026-04-29T09:30:30","slug":"projetista-eletrico-quadro-de-comandos-construcao-manutencao-rio-de-janeiro","status":"publish","type":"post","link":"https:\/\/vagas.portalemprego.com.br\/?p=5367","title":{"rendered":"PROJETISTA EL\u00c9TRICO (QUADRO DE COMANDOS) &#8211; Constru\u00e7\u00e3o, Manuten\u00e7\u00e3o &#8211; Rio de Janeiro"},"content":{"rendered":"<p>Estamos buscando PROJETISTA EL\u00c9TRICO de QUADRO DE COMANDOS com experi\u00eancia em AutoCAD,\u00a0EPLAN\u00a0ou\u00a0softwares\u00a0similares.<\/p>\n<p>Responsabilidades:<br \/>\n\u2022 Desenvolvimento de projetos el\u00e9tricos de quadros de comando;<br \/>\n\u2022 Elabora\u00e7\u00e3o de diagramas e dimensionamento de componentes;<br \/>\n\u2022 Suporte t\u00e9cnico \u00e0 equipe de produ\u00e7\u00e3o. <\/p>\n<p>Requisitos:<br \/>\nForma\u00e7\u00e3o t\u00e9cnica ou superior em Eletrot\u00e9cnica, Engenharia El\u00e9trica ou correlatas;<br \/>\nDom\u00ednio em AutoCAD, EPLAN ou softwares similares;<br \/>\nExperi\u00eancia com desenvolvimento de projetos em grande escala;<br \/>\nDesej\u00e1vel viv\u00eancia em empresas do setor el\u00e9trico. <\/p>\n<p>Informa\u00e7\u00f5es Gerais:<br \/>\nModalidade de contrata\u00e7\u00e3o: CLT ou PJ<br \/>\nLocal de trabalho: Rocha Miranda \u2013 Rio de Janeiro\/RJ<br \/>\nHor\u00e1rio: Segunda a sexta-feira, das 07h \u00e0s 16h48 <\/p>\n<p>Benef\u00edcios oferecidos<br \/>\nVale Transporte ou Vale Combust\u00edvel<br \/>\nVale Alimenta\u00e7\u00e3o Flex \u2013 R$ 17,00 por dia<br \/>\nGympass<br \/>\nCaf\u00e9 da manh\u00e3 na empresa<br \/>\nDesconto em farm\u00e1cias<br \/>\nGin\u00e1stica laboral<br \/>\nPlano odontol\u00f3gico<br \/>\nSeguro de vida em grupo<br \/>\nDescontos em institui\u00e7\u00f5es de ensino<\/p>\n<ul>\n<li>Local de trabalho: Rio de Janeiro, RJ<\/li>\n<li>Regime de contrata\u00e7\u00e3o de tipo: Efetivo \u2013 CLT<\/li>\n<li>Jornada: Per\u00edodo Integral<\/li>\n<li>\u00c1rea e especializa\u00e7\u00e3o profissional: Constru\u00e7\u00e3o, Manuten\u00e7\u00e3o &#8211; Manuten\u00e7\u00e3o El\u00e9trica<\/li>\n<li>N\u00edvel hier\u00e1rquico: Analista<\/li>\n<\/ul>\n<p>Escolaridade M\u00ednima: Curso T\u00e9cnico<\/p>\n<p>Forma\u00e7\u00e3o desejada:<\/p>\n<ul>\n<li>Eletrot\u00e9cnica, Curso T\u00e9cnico<\/li>\n<\/ul>\n<p>Sal\u00e1rio: 4000,0<\/p>\n","protected":false},"excerpt":{"rendered":"<p>Estamos buscando PROJETISTA EL\u00c9TRICO de QUADRO DE COMANDOS com experi\u00eancia em AutoCAD,\u00a0EPLAN\u00a0ou\u00a0softwares\u00a0similares. Responsabilidades: \u2022 Desenvolvimento de projetos el\u00e9tricos de quadros de comando; \u2022 Elabora\u00e7\u00e3o de diagramas e dimensionamento de componentes; \u2022 Suporte t\u00e9cnico \u00e0 equipe de produ\u00e7\u00e3o. Requisitos: Forma\u00e7\u00e3o t\u00e9cnica ou superior em Eletrot\u00e9cnica, Engenharia El\u00e9trica ou correlatas; Dom\u00ednio em AutoCAD, EPLAN ou softwares similares; [&hellip;]<\/p>\n","protected":false},"author":1,"featured_media":0,"comment_status":"open","ping_status":"open","sticky":false,"template":"","format":"standard","meta":{"footnotes":""},"categories":[21],"tags":[],"class_list":["post-5367","post","type-post","status-publish","format-standard","hentry","category-rio-de-janeiro-rj"],"_links":{"self":[{"href":"https:\/\/vagas.portalemprego.com.br\/index.php?rest_route=\/wp\/v2\/posts\/5367","targetHints":{"allow":["GET"]}}],"collection":[{"href":"https:\/\/vagas.portalemprego.com.br\/index.php?rest_route=\/wp\/v2\/posts"}],"about":[{"href":"https:\/\/vagas.portalemprego.com.br\/index.php?rest_route=\/wp\/v2\/types\/post"}],"author":[{"embeddable":true,"href":"https:\/\/vagas.portalemprego.com.br\/index.php?rest_route=\/wp\/v2\/users\/1"}],"replies":[{"embeddable":true,"href":"https:\/\/vagas.portalemprego.com.br\/index.php?rest_route=%2Fwp%2Fv2%2Fcomments&post=5367"}],"version-history":[{"count":0,"href":"https:\/\/vagas.portalemprego.com.br\/index.php?rest_route=\/wp\/v2\/posts\/5367\/revisions"}],"wp:attachment":[{"href":"https:\/\/vagas.portalemprego.com.br\/index.php?rest_route=%2Fwp%2Fv2%2Fmedia&parent=5367"}],"wp:term":[{"taxonomy":"category","embeddable":true,"href":"https:\/\/vagas.portalemprego.com.br\/index.php?rest_route=%2Fwp%2Fv2%2Fcategories&post=5367"},{"taxonomy":"post_tag","embeddable":true,"href":"https:\/\/vagas.portalemprego.com.br\/index.php?rest_route=%2Fwp%2Fv2%2Ftags&post=5367"}],"curies":[{"name":"wp","href":"https:\/\/api.w.org\/{rel}","templated":true}]}}